{"id":3459,"date":"2020-03-10T15:15:18","date_gmt":"2020-03-10T22:15:18","guid":{"rendered":"http:\/\/aguadehermosillo.gob.mx\/aguah\/?p=3459"},"modified":"2020-03-10T15:15:19","modified_gmt":"2020-03-10T22:15:19","slug":"boletin-252-20200310","status":"publish","type":"post","link":"https:\/\/aguadehermosillo.gob.mx\/aguah\/2020\/03\/10\/boletin-252-20200310\/","title":{"rendered":"Bolet\u00edn 252 &#8211;  Inicia Agua de Hermosillo actividades conmemorativas del D\u00eda Mundial del Agua"},"content":{"rendered":"\n<p><\/p>\n\n\n\n<ul class=\"wp-block-list\"><li><strong><em>Se llev\u00f3 a\ncabo la conferencia \u201cAgua y Cambio Clim\u00e1tico\u201d y dio inicio el concurso de video\n\u201cH2O y Cambio Clim\u00e1tico: \u00bfQu\u00e9 hago yo?\u201d.&nbsp;\n<\/em><\/strong><\/li><\/ul>\n\n\n\n<p><em>Hermosillo, Son. 10 de marzo de 2020.- <\/em>Con el fin de capacitar sobre el tema a colaboradores\ny promotores de los programas de Cultura del Agua, se llev\u00f3 a cabo la\nconferencia \u201cAgua y Cambio Clim\u00e1tico\u201d, con el que dan inicio las actividades\nconmemorativas del D\u00eda Mundial del Agua, a celebrarse el pr\u00f3ximo 22 de marzo.<\/p>\n\n\n\n<p>Carol\nGonz\u00e1lez Sallard, gerente de Cultura del Agua, dio a conocer que la conferencia\nfue impartida por la maestra Roc\u00edo Ruelas Fimbres, de la Comisi\u00f3n de Ecolog\u00eda y\nDesarrollo Sustentable del Estado de Sonora (CEDES). <\/p>\n\n\n\n<p>Ante\n25 promotores de la Cultura del Agua, destac\u00f3 la importancia que a nivel\nmundial se les est\u00e1 dando a los temas de agua y cambio clim\u00e1tico, y de la\nnecesidad de que la sociedad en general participe en los programas de\nconcientizaci\u00f3n del cuidado del entorno.<\/p>\n\n\n\n<p>Los\ncolaboradores y promotores de Cultura del Agua ser\u00e1n a su vez difusores de las\nl\u00edneas de acci\u00f3n que deben tomarse a nivel de sociedad para crear conciencia de\nesta problem\u00e1tica.<\/p>\n\n\n\n<p><strong>Lanzan convocatoria para concurso de\nvideo <\/strong><\/p>\n\n\n\n<p>Como\nparte de sus pol\u00edticas de concientizaci\u00f3n y promoci\u00f3n, Agua de Hermosillo\narranc\u00f3 las actividades conmemorativas del D\u00eda Mundial del Agua con la\nconvocatoria del concurso de video \u201cH2O y Cambio Clim\u00e1tico: \u00bfQu\u00e9 hago yo?\u201d,\ndirigido a personas mayores de 18 a\u00f1os interesadas en promover estrategias de\ncuidado del vital l\u00edquido. <\/p>\n\n\n\n<p>A\npartir de este 10 de marzo y hasta el d\u00eda 20 de este mes, los interesados\npueden presentar sus trabajos audiovisuales. <\/p>\n\n\n\n<p>Los\npremios ser\u00e1n, para el primer lugar, un DRONE DIJI MAVIC AIR, en tanto que para\nel segundo lugar, un GO PRO HERO 7 SILVER, mientras que para el tercer lugar,\nun celular HONOR 10 ELITE.<\/p>\n\n\n\n<p>Las bases del concurso pueden consultarse en el sitio<\/p>\n\n\n\n<p><a href=\"http:\/\/www.aguadehermosillo.gob.mx\">www.aguadehermosillo.gob.mx<\/a><\/p>\n","protected":false},"excerpt":{"rendered":"<p>Se llev&oacute; a cabo la conferencia &ldquo;Agua y Cambio Clim&aacute;tico&rdquo; y dio inicio el concurso de video &ldquo;H2O y Cambio Clim&aacute;tico: &iquest;Qu&eacute; hago yo?&rdquo;.&nbsp; Hermosillo, Son. 10 de marzo de 2020.- Con el fin de capacitar sobre el tema a colaboradores y promotores de los programas de Cultura del Agua, se llev&oacute; a cabo la conferencia &ldquo;Agua y Cambio Clim&aacute;tico&rdquo;, con el que dan inicio las actividades conmemorativas del D&iacute;a Mundial del Agua, a celebrarse el pr&oacute;ximo 22 de marzo. Carol Gonz&aacute;lez Sallard, gerente de Cultura del Agua, dio a&hellip;<\/p>\n","protected":false},"author":11,"featured_media":3460,"comment_status":"closed","ping_status":"closed","sticky":false,"template":"","format":"standard","meta":{"footnotes":""},"categories":[1],"tags":[],"coauthors":[54],"class_list":["post-3459","post","type-post","status-publish","format-standard","has-post-thumbnail","hentry","category-boletines"],"yoast_head":"<!-- This site is optimized with the Yoast SEO plugin v27.5 - https:\/\/yoast.com\/product\/yoast-seo-wordpress\/ -->\n<title>Agua de Hermosillo - Bolet\u00edn 252 - Inicia Agua de Hermosillo actividades conmemorativas del D\u00eda Mundial del Agua<\/title>\n<meta name=\"robots\" content=\"index, follow, max-snippet:-1, max-image-preview:large, max-video-preview:-1\" \/>\n<link rel=\"canonical\" href=\"https:\/\/aguadehermosillo.gob.mx\/aguah\/2020\/03\/10\/boletin-252-20200310\/\" \/>\n<meta property=\"og:locale\" content=\"es_MX\" \/>\n<meta property=\"og:type\" content=\"article\" \/>\n<meta property=\"og:title\" content=\"Agua de Hermosillo - Bolet\u00edn 252 - Inicia Agua de Hermosillo actividades conmemorativas del D\u00eda Mundial del Agua\" \/>\n<meta property=\"og:description\" content=\"Se llev&oacute; a cabo la conferencia &ldquo;Agua y Cambio Clim&aacute;tico&rdquo; y dio inicio el concurso de video &ldquo;H2O y Cambio Clim&aacute;tico: &iquest;Qu&eacute; hago yo?&rdquo;.&nbsp; Hermosillo, Son. 10 de marzo de 2020.- Con el fin de capacitar sobre el tema a colaboradores y promotores de los programas de Cultura del Agua, se llev&oacute; a cabo la conferencia &ldquo;Agua y Cambio Clim&aacute;tico&rdquo;, con el que dan inicio las actividades conmemorativas del D&iacute;a Mundial del Agua, a celebrarse el pr&oacute;ximo 22 de marzo. Carol Gonz&aacute;lez Sallard, gerente de Cultura del Agua, dio a&hellip;\" \/>\n<meta property=\"og:url\" content=\"https:\/\/aguadehermosillo.gob.mx\/aguah\/2020\/03\/10\/boletin-252-20200310\/\" \/>\n<meta property=\"og:site_name\" content=\"Agua de Hermosillo\" \/>\n<meta property=\"article:publisher\" content=\"https:\/\/facebook.com\/AguahdeHermosillo\" \/>\n<meta property=\"article:published_time\" content=\"2020-03-10T22:15:18+00:00\" \/>\n<meta property=\"article:modified_time\" content=\"2020-03-10T22:15:19+00:00\" \/>\n<meta property=\"og:image\" content=\"https:\/\/aguadehermosillo.gob.mx\/aguah\/wp-content\/uploads\/2020\/03\/Imagen-101.jpg\" \/>\n\t<meta property=\"og:image:width\" content=\"1037\" \/>\n\t<meta property=\"og:image:height\" content=\"526\" \/>\n\t<meta property=\"og:image:type\" content=\"image\/jpeg\" \/>\n<meta name=\"author\" content=\"Fernanda Rodriguez\" \/>\n<meta name=\"twitter:card\" content=\"summary_large_image\" \/>\n<meta name=\"twitter:creator\" content=\"@aguahermosillo\" \/>\n<meta name=\"twitter:site\" content=\"@aguahermosillo\" \/>\n<meta name=\"twitter:label1\" content=\"Escrito por\" \/>\n\t<meta name=\"twitter:data1\" content=\"Fernanda Rodriguez\" \/>\n\t<meta name=\"twitter:label2\" content=\"Tiempo de lectura\" \/>\n\t<meta name=\"twitter:data2\" content=\"2 minutos\" \/>\n\t<meta name=\"twitter:label3\" content=\"Written by\" \/>\n\t<meta name=\"twitter:data3\" content=\"Fernanda Rodriguez\" \/>\n<script type=\"application\/ld+json\" class=\"yoast-schema-graph\">{\"@context\":\"https:\\\/\\\/schema.org\",\"@graph\":[{\"@type\":\"Article\",\"@id\":\"https:\\\/\\\/aguadehermosillo.gob.mx\\\/aguah\\\/2020\\\/03\\\/10\\\/boletin-252-20200310\\\/#article\",\"isPartOf\":{\"@id\":\"https:\\\/\\\/aguadehermosillo.gob.mx\\\/aguah\\\/2020\\\/03\\\/10\\\/boletin-252-20200310\\\/\"},\"author\":{\"name\":\"Fernanda Rodriguez\",\"@id\":\"https:\\\/\\\/aguadehermosillo.gob.mx\\\/aguah\\\/#\\\/schema\\\/person\\\/b5cb9f8bda43b94a15cff0bb2854f82c\"},\"headline\":\"Bolet\u00edn 252 &#8211; Inicia Agua de Hermosillo actividades conmemorativas del D\u00eda Mundial del Agua\",\"datePublished\":\"2020-03-10T22:15:18+00:00\",\"dateModified\":\"2020-03-10T22:15:19+00:00\",\"mainEntityOfPage\":{\"@id\":\"https:\\\/\\\/aguadehermosillo.gob.mx\\\/aguah\\\/2020\\\/03\\\/10\\\/boletin-252-20200310\\\/\"},\"wordCount\":355,\"publisher\":{\"@id\":\"https:\\\/\\\/aguadehermosillo.gob.mx\\\/aguah\\\/#organization\"},\"image\":{\"@id\":\"https:\\\/\\\/aguadehermosillo.gob.mx\\\/aguah\\\/2020\\\/03\\\/10\\\/boletin-252-20200310\\\/#primaryimage\"},\"thumbnailUrl\":\"https:\\\/\\\/aguadehermosillo.gob.mx\\\/aguah\\\/wp-content\\\/uploads\\\/2020\\\/03\\\/Imagen-101.jpg\",\"articleSection\":[\"Boletines\"],\"inLanguage\":\"es\"},{\"@type\":\"WebPage\",\"@id\":\"https:\\\/\\\/aguadehermosillo.gob.mx\\\/aguah\\\/2020\\\/03\\\/10\\\/boletin-252-20200310\\\/\",\"url\":\"https:\\\/\\\/aguadehermosillo.gob.mx\\\/aguah\\\/2020\\\/03\\\/10\\\/boletin-252-20200310\\\/\",\"name\":\"Agua de Hermosillo - Bolet\u00edn 252 - Inicia Agua de Hermosillo actividades conmemorativas del D\u00eda Mundial del Agua\",\"isPartOf\":{\"@id\":\"https:\\\/\\\/aguadehermosillo.gob.mx\\\/aguah\\\/#website\"},\"primaryImageOfPage\":{\"@id\":\"https:\\\/\\\/aguadehermosillo.gob.mx\\\/aguah\\\/2020\\\/03\\\/10\\\/boletin-252-20200310\\\/#primaryimage\"},\"image\":{\"@id\":\"https:\\\/\\\/aguadehermosillo.gob.mx\\\/aguah\\\/2020\\\/03\\\/10\\\/boletin-252-20200310\\\/#primaryimage\"},\"thumbnailUrl\":\"https:\\\/\\\/aguadehermosillo.gob.mx\\\/aguah\\\/wp-content\\\/uploads\\\/2020\\\/03\\\/Imagen-101.jpg\",\"datePublished\":\"2020-03-10T22:15:18+00:00\",\"dateModified\":\"2020-03-10T22:15:19+00:00\",\"breadcrumb\":{\"@id\":\"https:\\\/\\\/aguadehermosillo.gob.mx\\\/aguah\\\/2020\\\/03\\\/10\\\/boletin-252-20200310\\\/#breadcrumb\"},\"inLanguage\":\"es\",\"potentialAction\":[{\"@type\":\"ReadAction\",\"target\":[\"https:\\\/\\\/aguadehermosillo.gob.mx\\\/aguah\\\/2020\\\/03\\\/10\\\/boletin-252-20200310\\\/\"]}]},{\"@type\":\"ImageObject\",\"inLanguage\":\"es\",\"@id\":\"https:\\\/\\\/aguadehermosillo.gob.mx\\\/aguah\\\/2020\\\/03\\\/10\\\/boletin-252-20200310\\\/#primaryimage\",\"url\":\"https:\\\/\\\/aguadehermosillo.gob.mx\\\/aguah\\\/wp-content\\\/uploads\\\/2020\\\/03\\\/Imagen-101.jpg\",\"contentUrl\":\"https:\\\/\\\/aguadehermosillo.gob.mx\\\/aguah\\\/wp-content\\\/uploads\\\/2020\\\/03\\\/Imagen-101.jpg\",\"width\":1037,\"height\":526},{\"@type\":\"BreadcrumbList\",\"@id\":\"https:\\\/\\\/aguadehermosillo.gob.mx\\\/aguah\\\/2020\\\/03\\\/10\\\/boletin-252-20200310\\\/#breadcrumb\",\"itemListElement\":[{\"@type\":\"ListItem\",\"position\":1,\"name\":\"Inicio\",\"item\":\"https:\\\/\\\/aguadehermosillo.gob.mx\\\/aguah\\\/\"},{\"@type\":\"ListItem\",\"position\":2,\"name\":\"Bolet\u00edn 252 &#8211; Inicia Agua de Hermosillo actividades conmemorativas del D\u00eda Mundial del Agua\"}]},{\"@type\":\"WebSite\",\"@id\":\"https:\\\/\\\/aguadehermosillo.gob.mx\\\/aguah\\\/#website\",\"url\":\"https:\\\/\\\/aguadehermosillo.gob.mx\\\/aguah\\\/\",\"name\":\"Agua de Hermosillo\",\"description\":\"Organismo operador de Agua potable, drenaje, alcantarillado, tratamiento y disposici\u00f3n de aguas residuales del municipio Hermosillo y zonas rurales aleda\u00f1as\",\"publisher\":{\"@id\":\"https:\\\/\\\/aguadehermosillo.gob.mx\\\/aguah\\\/#organization\"},\"potentialAction\":[{\"@type\":\"SearchAction\",\"target\":{\"@type\":\"EntryPoint\",\"urlTemplate\":\"https:\\\/\\\/aguadehermosillo.gob.mx\\\/aguah\\\/?s={search_term_string}\"},\"query-input\":{\"@type\":\"PropertyValueSpecification\",\"valueRequired\":true,\"valueName\":\"search_term_string\"}}],\"inLanguage\":\"es\"},{\"@type\":\"Organization\",\"@id\":\"https:\\\/\\\/aguadehermosillo.gob.mx\\\/aguah\\\/#organization\",\"name\":\"Agua de Hermosillo\",\"url\":\"https:\\\/\\\/aguadehermosillo.gob.mx\\\/aguah\\\/\",\"logo\":{\"@type\":\"ImageObject\",\"inLanguage\":\"es\",\"@id\":\"https:\\\/\\\/aguadehermosillo.gob.mx\\\/aguah\\\/#\\\/schema\\\/logo\\\/image\\\/\",\"url\":\"https:\\\/\\\/aguadehermosillo.gob.mx\\\/aguah\\\/wp-content\\\/uploads\\\/2019\\\/05\\\/AguaH.png\",\"contentUrl\":\"https:\\\/\\\/aguadehermosillo.gob.mx\\\/aguah\\\/wp-content\\\/uploads\\\/2019\\\/05\\\/AguaH.png\",\"width\":1920,\"height\":1080,\"caption\":\"Agua de Hermosillo\"},\"image\":{\"@id\":\"https:\\\/\\\/aguadehermosillo.gob.mx\\\/aguah\\\/#\\\/schema\\\/logo\\\/image\\\/\"},\"sameAs\":[\"https:\\\/\\\/facebook.com\\\/AguahdeHermosillo\",\"https:\\\/\\\/x.com\\\/aguahermosillo\"]},{\"@type\":\"Person\",\"@id\":\"https:\\\/\\\/aguadehermosillo.gob.mx\\\/aguah\\\/#\\\/schema\\\/person\\\/b5cb9f8bda43b94a15cff0bb2854f82c\",\"name\":\"Fernanda Rodriguez\",\"image\":{\"@type\":\"ImageObject\",\"inLanguage\":\"es\",\"@id\":\"https:\\\/\\\/secure.gravatar.com\\\/avatar\\\/5577934625455c849eb29550f3322c1bef9bafa817e68e4bcadba255529467b5?s=96&d=mm&r=gf1089a2a663e42a1bf4a8a0becf55e19\",\"url\":\"https:\\\/\\\/secure.gravatar.com\\\/avatar\\\/5577934625455c849eb29550f3322c1bef9bafa817e68e4bcadba255529467b5?s=96&d=mm&r=g\",\"contentUrl\":\"https:\\\/\\\/secure.gravatar.com\\\/avatar\\\/5577934625455c849eb29550f3322c1bef9bafa817e68e4bcadba255529467b5?s=96&d=mm&r=g\",\"caption\":\"Fernanda Rodriguez\"}}]}<\/script>\n<!-- \/ Yoast SEO plugin. -->","yoast_head_json":{"title":"Agua de Hermosillo - Bolet\u00edn 252 - Inicia Agua de Hermosillo actividades conmemorativas del D\u00eda Mundial del Agua","robots":{"index":"index","follow":"follow","max-snippet":"max-snippet:-1","max-image-preview":"max-image-preview:large","max-video-preview":"max-video-preview:-1"},"canonical":"https:\/\/aguadehermosillo.gob.mx\/aguah\/2020\/03\/10\/boletin-252-20200310\/","og_locale":"es_MX","og_type":"article","og_title":"Agua de Hermosillo - Bolet\u00edn 252 - Inicia Agua de Hermosillo actividades conmemorativas del D\u00eda Mundial del Agua","og_description":"Se llev&oacute; a cabo la conferencia &ldquo;Agua y Cambio Clim&aacute;tico&rdquo; y dio inicio el concurso de video &ldquo;H2O y Cambio Clim&aacute;tico: &iquest;Qu&eacute; hago yo?&rdquo;.&nbsp; Hermosillo, Son. 10 de marzo de 2020.- Con el fin de capacitar sobre el tema a colaboradores y promotores de los programas de Cultura del Agua, se llev&oacute; a cabo la conferencia &ldquo;Agua y Cambio Clim&aacute;tico&rdquo;, con el que dan inicio las actividades conmemorativas del D&iacute;a Mundial del Agua, a celebrarse el pr&oacute;ximo 22 de marzo. Carol Gonz&aacute;lez Sallard, gerente de Cultura del Agua, dio a&hellip;","og_url":"https:\/\/aguadehermosillo.gob.mx\/aguah\/2020\/03\/10\/boletin-252-20200310\/","og_site_name":"Agua de Hermosillo","article_publisher":"https:\/\/facebook.com\/AguahdeHermosillo","article_published_time":"2020-03-10T22:15:18+00:00","article_modified_time":"2020-03-10T22:15:19+00:00","og_image":[{"width":1037,"height":526,"url":"https:\/\/aguadehermosillo.gob.mx\/aguah\/wp-content\/uploads\/2020\/03\/Imagen-101.jpg","type":"image\/jpeg"}],"author":"Fernanda Rodriguez","twitter_card":"summary_large_image","twitter_creator":"@aguahermosillo","twitter_site":"@aguahermosillo","twitter_misc":{"Escrito por":"Fernanda Rodriguez","Tiempo de lectura":"2 minutos","Written by":"Fernanda Rodriguez"},"schema":{"@context":"https:\/\/schema.org","@graph":[{"@type":"Article","@id":"https:\/\/aguadehermosillo.gob.mx\/aguah\/2020\/03\/10\/boletin-252-20200310\/#article","isPartOf":{"@id":"https:\/\/aguadehermosillo.gob.mx\/aguah\/2020\/03\/10\/boletin-252-20200310\/"},"author":{"name":"Fernanda Rodriguez","@id":"https:\/\/aguadehermosillo.gob.mx\/aguah\/#\/schema\/person\/b5cb9f8bda43b94a15cff0bb2854f82c"},"headline":"Bolet\u00edn 252 &#8211; Inicia Agua de Hermosillo actividades conmemorativas del D\u00eda Mundial del Agua","datePublished":"2020-03-10T22:15:18+00:00","dateModified":"2020-03-10T22:15:19+00:00","mainEntityOfPage":{"@id":"https:\/\/aguadehermosillo.gob.mx\/aguah\/2020\/03\/10\/boletin-252-20200310\/"},"wordCount":355,"publisher":{"@id":"https:\/\/aguadehermosillo.gob.mx\/aguah\/#organization"},"image":{"@id":"https:\/\/aguadehermosillo.gob.mx\/aguah\/2020\/03\/10\/boletin-252-20200310\/#primaryimage"},"thumbnailUrl":"https:\/\/aguadehermosillo.gob.mx\/aguah\/wp-content\/uploads\/2020\/03\/Imagen-101.jpg","articleSection":["Boletines"],"inLanguage":"es"},{"@type":"WebPage","@id":"https:\/\/aguadehermosillo.gob.mx\/aguah\/2020\/03\/10\/boletin-252-20200310\/","url":"https:\/\/aguadehermosillo.gob.mx\/aguah\/2020\/03\/10\/boletin-252-20200310\/","name":"Agua de Hermosillo - Bolet\u00edn 252 - Inicia Agua de Hermosillo actividades conmemorativas del D\u00eda Mundial del Agua","isPartOf":{"@id":"https:\/\/aguadehermosillo.gob.mx\/aguah\/#website"},"primaryImageOfPage":{"@id":"https:\/\/aguadehermosillo.gob.mx\/aguah\/2020\/03\/10\/boletin-252-20200310\/#primaryimage"},"image":{"@id":"https:\/\/aguadehermosillo.gob.mx\/aguah\/2020\/03\/10\/boletin-252-20200310\/#primaryimage"},"thumbnailUrl":"https:\/\/aguadehermosillo.gob.mx\/aguah\/wp-content\/uploads\/2020\/03\/Imagen-101.jpg","datePublished":"2020-03-10T22:15:18+00:00","dateModified":"2020-03-10T22:15:19+00:00","breadcrumb":{"@id":"https:\/\/aguadehermosillo.gob.mx\/aguah\/2020\/03\/10\/boletin-252-20200310\/#breadcrumb"},"inLanguage":"es","potentialAction":[{"@type":"ReadAction","target":["https:\/\/aguadehermosillo.gob.mx\/aguah\/2020\/03\/10\/boletin-252-20200310\/"]}]},{"@type":"ImageObject","inLanguage":"es","@id":"https:\/\/aguadehermosillo.gob.mx\/aguah\/2020\/03\/10\/boletin-252-20200310\/#primaryimage","url":"https:\/\/aguadehermosillo.gob.mx\/aguah\/wp-content\/uploads\/2020\/03\/Imagen-101.jpg","contentUrl":"https:\/\/aguadehermosillo.gob.mx\/aguah\/wp-content\/uploads\/2020\/03\/Imagen-101.jpg","width":1037,"height":526},{"@type":"BreadcrumbList","@id":"https:\/\/aguadehermosillo.gob.mx\/aguah\/2020\/03\/10\/boletin-252-20200310\/#breadcrumb","itemListElement":[{"@type":"ListItem","position":1,"name":"Inicio","item":"https:\/\/aguadehermosillo.gob.mx\/aguah\/"},{"@type":"ListItem","position":2,"name":"Bolet\u00edn 252 &#8211; Inicia Agua de Hermosillo actividades conmemorativas del D\u00eda Mundial del Agua"}]},{"@type":"WebSite","@id":"https:\/\/aguadehermosillo.gob.mx\/aguah\/#website","url":"https:\/\/aguadehermosillo.gob.mx\/aguah\/","name":"Agua de Hermosillo","description":"Organismo operador de Agua potable, drenaje, alcantarillado, tratamiento y disposici\u00f3n de aguas residuales del municipio Hermosillo y zonas rurales aleda\u00f1as","publisher":{"@id":"https:\/\/aguadehermosillo.gob.mx\/aguah\/#organization"},"potentialAction":[{"@type":"SearchAction","target":{"@type":"EntryPoint","urlTemplate":"https:\/\/aguadehermosillo.gob.mx\/aguah\/?s={search_term_string}"},"query-input":{"@type":"PropertyValueSpecification","valueRequired":true,"valueName":"search_term_string"}}],"inLanguage":"es"},{"@type":"Organization","@id":"https:\/\/aguadehermosillo.gob.mx\/aguah\/#organization","name":"Agua de Hermosillo","url":"https:\/\/aguadehermosillo.gob.mx\/aguah\/","logo":{"@type":"ImageObject","inLanguage":"es","@id":"https:\/\/aguadehermosillo.gob.mx\/aguah\/#\/schema\/logo\/image\/","url":"https:\/\/aguadehermosillo.gob.mx\/aguah\/wp-content\/uploads\/2019\/05\/AguaH.png","contentUrl":"https:\/\/aguadehermosillo.gob.mx\/aguah\/wp-content\/uploads\/2019\/05\/AguaH.png","width":1920,"height":1080,"caption":"Agua de Hermosillo"},"image":{"@id":"https:\/\/aguadehermosillo.gob.mx\/aguah\/#\/schema\/logo\/image\/"},"sameAs":["https:\/\/facebook.com\/AguahdeHermosillo","https:\/\/x.com\/aguahermosillo"]},{"@type":"Person","@id":"https:\/\/aguadehermosillo.gob.mx\/aguah\/#\/schema\/person\/b5cb9f8bda43b94a15cff0bb2854f82c","name":"Fernanda Rodriguez","image":{"@type":"ImageObject","inLanguage":"es","@id":"https:\/\/secure.gravatar.com\/avatar\/5577934625455c849eb29550f3322c1bef9bafa817e68e4bcadba255529467b5?s=96&d=mm&r=gf1089a2a663e42a1bf4a8a0becf55e19","url":"https:\/\/secure.gravatar.com\/avatar\/5577934625455c849eb29550f3322c1bef9bafa817e68e4bcadba255529467b5?s=96&d=mm&r=g","contentUrl":"https:\/\/secure.gravatar.com\/avatar\/5577934625455c849eb29550f3322c1bef9bafa817e68e4bcadba255529467b5?s=96&d=mm&r=g","caption":"Fernanda Rodriguez"}}]}},"_links":{"self":[{"href":"https:\/\/aguadehermosillo.gob.mx\/aguah\/wp-json\/wp\/v2\/posts\/3459","targetHints":{"allow":["GET"]}}],"collection":[{"href":"https:\/\/aguadehermosillo.gob.mx\/aguah\/wp-json\/wp\/v2\/posts"}],"about":[{"href":"https:\/\/aguadehermosillo.gob.mx\/aguah\/wp-json\/wp\/v2\/types\/post"}],"author":[{"embeddable":true,"href":"https:\/\/aguadehermosillo.gob.mx\/aguah\/wp-json\/wp\/v2\/users\/11"}],"replies":[{"embeddable":true,"href":"https:\/\/aguadehermosillo.gob.mx\/aguah\/wp-json\/wp\/v2\/comments?post=3459"}],"version-history":[{"count":1,"href":"https:\/\/aguadehermosillo.gob.mx\/aguah\/wp-json\/wp\/v2\/posts\/3459\/revisions"}],"predecessor-version":[{"id":3461,"href":"https:\/\/aguadehermosillo.gob.mx\/aguah\/wp-json\/wp\/v2\/posts\/3459\/revisions\/3461"}],"wp:featuredmedia":[{"embeddable":true,"href":"https:\/\/aguadehermosillo.gob.mx\/aguah\/wp-json\/wp\/v2\/media\/3460"}],"wp:attachment":[{"href":"https:\/\/aguadehermosillo.gob.mx\/aguah\/wp-json\/wp\/v2\/media?parent=3459"}],"wp:term":[{"taxonomy":"category","embeddable":true,"href":"https:\/\/aguadehermosillo.gob.mx\/aguah\/wp-json\/wp\/v2\/categories?post=3459"},{"taxonomy":"post_tag","embeddable":true,"href":"https:\/\/aguadehermosillo.gob.mx\/aguah\/wp-json\/wp\/v2\/tags?post=3459"},{"taxonomy":"author","embeddable":true,"href":"https:\/\/aguadehermosillo.gob.mx\/aguah\/wp-json\/wp\/v2\/coauthors?post=3459"}],"curies":[{"name":"wp","href":"https:\/\/api.w.org\/{rel}","templated":true}]}}