{"id":3462,"date":"2020-03-12T15:48:19","date_gmt":"2020-03-12T22:48:19","guid":{"rendered":"http:\/\/aguadehermosillo.gob.mx\/aguah\/?p=3462"},"modified":"2020-03-13T10:05:38","modified_gmt":"2020-03-13T17:05:38","slug":"boletin-253-20200312","status":"publish","type":"post","link":"https:\/\/aguadehermosillo.gob.mx\/aguah\/2020\/03\/12\/boletin-253-20200312\/","title":{"rendered":"Bolet\u00edn 253 -Celebrar\u00e1n el D\u00eda Mundial del Agua creando conciencia sobre el cambio clim\u00e1tico"},"content":{"rendered":"\n<p><\/p>\n\n\n\n<p><strong>Celebrar\u00e1n el D\u00eda Mundial del Agua creando conciencia\nsobre el cambio clim\u00e1tico <\/strong><\/p>\n\n\n\n<ul class=\"wp-block-list\"><li><strong><em>Agua de\nHermosillo lanz\u00f3 convocatoria de concurso de video para promover el uso y\ncuidado del vital l\u00edquido. <\/em><\/strong><\/li><\/ul>\n\n\n\n<p><em>Hermosillo, Son. 12 de marzo de 2020.-<\/em> Crear conciencia entre la sociedad, aportar ideas y generar acciones enfocadas al cuidado del agua ser\u00e1n algunos de los objetivos de la conmemoraci\u00f3n del D\u00eda Mundial del Agua, que en su edici\u00f3n de 2020 incluye adem\u00e1s un enfoque dedicado al cambio clim\u00e1tico, dieron a conocer la Jefa del Departamento de Cultura de Agua, Gloria Enr\u00edquez, y el Director Comercial de Agua de Hermosillo, Iv\u00e1n Sandoval.<\/p>\n\n\n\n<p>Como parte del calendario de actividades, se dio a conocer que el d\u00eda 10 de marzo se public\u00f3 la convocatoria del concurso\u00a0 de video \u201cH2O y Cambio Clim\u00e1tico: \u00bfQu\u00e9 hago yo?\u201d, dirigido a personas mayores de 18 a\u00f1os interesados en transformar los usos para el cuidado del agua en la ciudad. La Jefa del Departamento de Cultura del Agua destac\u00f3 que hasta el d\u00eda 20 de este mes tienen de plazo los interesados para presentar sus videos. Los premios ser\u00e1n, para el primer lugar, un Drone DJI MAVIC AIR, en tanto que para el segundo lugar, una c\u00e1mara GO PRO HERO 7 SILVER, y para el tercer lugar, un celular\u00a0\u00a0 HONOR 10 ELITE. Las bases pueden consultarse en el sitio  <\/p>\n\n\n\n<p><a href=\"http:\/\/www.aguadehermosillo.gob.mx\">www.aguadehermosillo.gob.mx<\/a>. <\/p>\n\n\n\n<p>Se\ndio a conocer que como parte de estas l\u00edneas de acci\u00f3n, en fechas recientes la\nmaestra Roc\u00edo Ruelas Fimbres, Jefa del Departamento de Cambio Clim\u00e1tico del CEDES,\nimparti\u00f3 la conferencia \u201cAgua y Cambio Clim\u00e1tico\u201d ante 25 promotores de la\nCultura del Agua que ser\u00e1n los difusores de las l\u00edneas de acci\u00f3n que deben\ntomarse a nivel de sociedad para crear conciencia de esta problem\u00e1tica.<\/p>\n\n\n\n<p>Para\neste viernes 13 de marzo, si las condiciones climatol\u00f3gicas lo permiten, se\ndesarrollar\u00e1 en la laguna de La Sauceda la jornada de limpieza, en la que los\nintegrantes del Club de Guardianes del Agua participar\u00e1n activamente. <\/p>\n\n\n\n<p>Otras actividades que se llevar\u00e1n a cabo en el marco de la conmemoraci\u00f3n del D\u00eda Mundial del Agua, promovida a nivel internacional por la ONU, ser\u00e1n la carrera de botargas en la primaria Laureano Calvo Berber; la entrega de libros en sistema braille para alumnos del Instituto IRIS y un recorrido por la planta potabilizadora, el reservorio y la planta tratadora, entre otras. <\/p>\n\n\n\n<figure class=\"wp-block-image\"><img fetchpriority=\"high\" decoding=\"async\" width=\"470\" height=\"840\" src=\"https:\/\/aguadehermosillo.gob.mx\/aguah\/wp-content\/uploads\/2020\/03\/Imagen-C.C.-4-470x840.jpg\" alt=\"\" class=\"wp-image-3464\" srcset=\"https:\/\/aguadehermosillo.gob.mx\/aguah\/wp-content\/uploads\/2020\/03\/Imagen-C.C.-4-470x840.jpg 470w, https:\/\/aguadehermosillo.gob.mx\/aguah\/wp-content\/uploads\/2020\/03\/Imagen-C.C.-4-204x365.jpg 204w, https:\/\/aguadehermosillo.gob.mx\/aguah\/wp-content\/uploads\/2020\/03\/Imagen-C.C.-4.jpg 716w\" sizes=\"(max-width: 470px) 100vw, 470px\" \/><\/figure>\n\n\n\n<figure class=\"wp-block-image is-resized\"><img decoding=\"async\" src=\"https:\/\/aguadehermosillo.gob.mx\/aguah\/wp-content\/uploads\/2020\/03\/Imagen-C.C-5-654x840.jpg\" alt=\"\" class=\"wp-image-3465\" width=\"529\" height=\"679\" srcset=\"https:\/\/aguadehermosillo.gob.mx\/aguah\/wp-content\/uploads\/2020\/03\/Imagen-C.C-5-654x840.jpg 654w, https:\/\/aguadehermosillo.gob.mx\/aguah\/wp-content\/uploads\/2020\/03\/Imagen-C.C-5-284x365.jpg 284w, https:\/\/aguadehermosillo.gob.mx\/aguah\/wp-content\/uploads\/2020\/03\/Imagen-C.C-5-768x987.jpg 768w, https:\/\/aguadehermosillo.gob.mx\/aguah\/wp-content\/uploads\/2020\/03\/Imagen-C.C-5.jpg 827w\" sizes=\"(max-width: 529px) 100vw, 529px\" \/><\/figure>\n","protected":false},"excerpt":{"rendered":"<p>Celebrar&aacute;n el D&iacute;a Mundial del Agua creando conciencia sobre el cambio clim&aacute;tico Agua de Hermosillo lanz&oacute; convocatoria de concurso de video para promover el uso y cuidado del vital l&iacute;quido. Hermosillo, Son. 12 de marzo de 2020.- Crear conciencia entre la sociedad, aportar ideas y generar acciones enfocadas al cuidado del agua ser&aacute;n algunos de los objetivos de la conmemoraci&oacute;n del D&iacute;a Mundial del Agua, que en su edici&oacute;n de 2020 incluye adem&aacute;s un enfoque dedicado al cambio clim&aacute;tico, dieron a conocer la Jefa del Departamento de Cultura de Agua,&hellip;<\/p>\n","protected":false},"author":11,"featured_media":3463,"comment_status":"closed","ping_status":"closed","sticky":false,"template":"","format":"standard","meta":{"footnotes":""},"categories":[1],"tags":[],"coauthors":[54],"class_list":["post-3462","post","type-post","status-publish","format-standard","has-post-thumbnail","hentry","category-boletines"],"yoast_head":"<!-- This site is optimized with the Yoast SEO plugin v27.5 - https:\/\/yoast.com\/product\/yoast-seo-wordpress\/ -->\n<title>Agua de Hermosillo - Bolet\u00edn 253 -Celebrar\u00e1n el D\u00eda Mundial del Agua creando conciencia sobre el cambio clim\u00e1tico<\/title>\n<meta name=\"robots\" content=\"index, follow, max-snippet:-1, max-image-preview:large, max-video-preview:-1\" \/>\n<link rel=\"canonical\" href=\"https:\/\/aguadehermosillo.gob.mx\/aguah\/2020\/03\/12\/boletin-253-20200312\/\" \/>\n<meta property=\"og:locale\" content=\"es_MX\" \/>\n<meta property=\"og:type\" content=\"article\" \/>\n<meta property=\"og:title\" content=\"Agua de Hermosillo - Bolet\u00edn 253 -Celebrar\u00e1n el D\u00eda Mundial del Agua creando conciencia sobre el cambio clim\u00e1tico\" \/>\n<meta property=\"og:description\" content=\"Celebrar&aacute;n el D&iacute;a Mundial del Agua creando conciencia sobre el cambio clim&aacute;tico Agua de Hermosillo lanz&oacute; convocatoria de concurso de video para promover el uso y cuidado del vital l&iacute;quido. Hermosillo, Son. 12 de marzo de 2020.- Crear conciencia entre la sociedad, aportar ideas y generar acciones enfocadas al cuidado del agua ser&aacute;n algunos de los objetivos de la conmemoraci&oacute;n del D&iacute;a Mundial del Agua, que en su edici&oacute;n de 2020 incluye adem&aacute;s un enfoque dedicado al cambio clim&aacute;tico, dieron a conocer la Jefa del Departamento de Cultura de Agua,&hellip;\" \/>\n<meta property=\"og:url\" content=\"https:\/\/aguadehermosillo.gob.mx\/aguah\/2020\/03\/12\/boletin-253-20200312\/\" \/>\n<meta property=\"og:site_name\" content=\"Agua de Hermosillo\" \/>\n<meta property=\"article:publisher\" content=\"https:\/\/facebook.com\/AguahdeHermosillo\" \/>\n<meta property=\"article:published_time\" content=\"2020-03-12T22:48:19+00:00\" \/>\n<meta property=\"article:modified_time\" content=\"2020-03-13T17:05:38+00:00\" \/>\n<meta property=\"og:image\" content=\"https:\/\/aguadehermosillo.gob.mx\/aguah\/wp-content\/uploads\/2020\/03\/Imagen-C.C-1.jpg\" \/>\n\t<meta property=\"og:image:width\" content=\"1280\" \/>\n\t<meta property=\"og:image:height\" content=\"896\" \/>\n\t<meta property=\"og:image:type\" content=\"image\/jpeg\" \/>\n<meta name=\"author\" content=\"Fernanda Rodriguez\" \/>\n<meta name=\"twitter:card\" content=\"summary_large_image\" \/>\n<meta name=\"twitter:creator\" content=\"@aguahermosillo\" \/>\n<meta name=\"twitter:site\" content=\"@aguahermosillo\" \/>\n<meta name=\"twitter:label1\" content=\"Escrito por\" \/>\n\t<meta name=\"twitter:data1\" content=\"Fernanda Rodriguez\" \/>\n\t<meta name=\"twitter:label2\" content=\"Tiempo de lectura\" \/>\n\t<meta name=\"twitter:data2\" content=\"2 minutos\" \/>\n\t<meta name=\"twitter:label3\" content=\"Written by\" \/>\n\t<meta name=\"twitter:data3\" content=\"Fernanda Rodriguez\" \/>\n<script type=\"application\/ld+json\" class=\"yoast-schema-graph\">{\"@context\":\"https:\\\/\\\/schema.org\",\"@graph\":[{\"@type\":\"Article\",\"@id\":\"https:\\\/\\\/aguadehermosillo.gob.mx\\\/aguah\\\/2020\\\/03\\\/12\\\/boletin-253-20200312\\\/#article\",\"isPartOf\":{\"@id\":\"https:\\\/\\\/aguadehermosillo.gob.mx\\\/aguah\\\/2020\\\/03\\\/12\\\/boletin-253-20200312\\\/\"},\"author\":{\"name\":\"Fernanda Rodriguez\",\"@id\":\"https:\\\/\\\/aguadehermosillo.gob.mx\\\/aguah\\\/#\\\/schema\\\/person\\\/b5cb9f8bda43b94a15cff0bb2854f82c\"},\"headline\":\"Bolet\u00edn 253 -Celebrar\u00e1n el D\u00eda Mundial del Agua creando conciencia sobre el cambio clim\u00e1tico\",\"datePublished\":\"2020-03-12T22:48:19+00:00\",\"dateModified\":\"2020-03-13T17:05:38+00:00\",\"mainEntityOfPage\":{\"@id\":\"https:\\\/\\\/aguadehermosillo.gob.mx\\\/aguah\\\/2020\\\/03\\\/12\\\/boletin-253-20200312\\\/\"},\"wordCount\":433,\"publisher\":{\"@id\":\"https:\\\/\\\/aguadehermosillo.gob.mx\\\/aguah\\\/#organization\"},\"image\":{\"@id\":\"https:\\\/\\\/aguadehermosillo.gob.mx\\\/aguah\\\/2020\\\/03\\\/12\\\/boletin-253-20200312\\\/#primaryimage\"},\"thumbnailUrl\":\"https:\\\/\\\/aguadehermosillo.gob.mx\\\/aguah\\\/wp-content\\\/uploads\\\/2020\\\/03\\\/Imagen-C.C-1.jpg\",\"articleSection\":[\"Boletines\"],\"inLanguage\":\"es\"},{\"@type\":\"WebPage\",\"@id\":\"https:\\\/\\\/aguadehermosillo.gob.mx\\\/aguah\\\/2020\\\/03\\\/12\\\/boletin-253-20200312\\\/\",\"url\":\"https:\\\/\\\/aguadehermosillo.gob.mx\\\/aguah\\\/2020\\\/03\\\/12\\\/boletin-253-20200312\\\/\",\"name\":\"Agua de Hermosillo - Bolet\u00edn 253 -Celebrar\u00e1n el D\u00eda Mundial del Agua creando conciencia sobre el cambio clim\u00e1tico\",\"isPartOf\":{\"@id\":\"https:\\\/\\\/aguadehermosillo.gob.mx\\\/aguah\\\/#website\"},\"primaryImageOfPage\":{\"@id\":\"https:\\\/\\\/aguadehermosillo.gob.mx\\\/aguah\\\/2020\\\/03\\\/12\\\/boletin-253-20200312\\\/#primaryimage\"},\"image\":{\"@id\":\"https:\\\/\\\/aguadehermosillo.gob.mx\\\/aguah\\\/2020\\\/03\\\/12\\\/boletin-253-20200312\\\/#primaryimage\"},\"thumbnailUrl\":\"https:\\\/\\\/aguadehermosillo.gob.mx\\\/aguah\\\/wp-content\\\/uploads\\\/2020\\\/03\\\/Imagen-C.C-1.jpg\",\"datePublished\":\"2020-03-12T22:48:19+00:00\",\"dateModified\":\"2020-03-13T17:05:38+00:00\",\"breadcrumb\":{\"@id\":\"https:\\\/\\\/aguadehermosillo.gob.mx\\\/aguah\\\/2020\\\/03\\\/12\\\/boletin-253-20200312\\\/#breadcrumb\"},\"inLanguage\":\"es\",\"potentialAction\":[{\"@type\":\"ReadAction\",\"target\":[\"https:\\\/\\\/aguadehermosillo.gob.mx\\\/aguah\\\/2020\\\/03\\\/12\\\/boletin-253-20200312\\\/\"]}]},{\"@type\":\"ImageObject\",\"inLanguage\":\"es\",\"@id\":\"https:\\\/\\\/aguadehermosillo.gob.mx\\\/aguah\\\/2020\\\/03\\\/12\\\/boletin-253-20200312\\\/#primaryimage\",\"url\":\"https:\\\/\\\/aguadehermosillo.gob.mx\\\/aguah\\\/wp-content\\\/uploads\\\/2020\\\/03\\\/Imagen-C.C-1.jpg\",\"contentUrl\":\"https:\\\/\\\/aguadehermosillo.gob.mx\\\/aguah\\\/wp-content\\\/uploads\\\/2020\\\/03\\\/Imagen-C.C-1.jpg\",\"width\":1280,\"height\":896},{\"@type\":\"BreadcrumbList\",\"@id\":\"https:\\\/\\\/aguadehermosillo.gob.mx\\\/aguah\\\/2020\\\/03\\\/12\\\/boletin-253-20200312\\\/#breadcrumb\",\"itemListElement\":[{\"@type\":\"ListItem\",\"position\":1,\"name\":\"Inicio\",\"item\":\"https:\\\/\\\/aguadehermosillo.gob.mx\\\/aguah\\\/\"},{\"@type\":\"ListItem\",\"position\":2,\"name\":\"Bolet\u00edn 253 -Celebrar\u00e1n el D\u00eda Mundial del Agua creando conciencia sobre el cambio clim\u00e1tico\"}]},{\"@type\":\"WebSite\",\"@id\":\"https:\\\/\\\/aguadehermosillo.gob.mx\\\/aguah\\\/#website\",\"url\":\"https:\\\/\\\/aguadehermosillo.gob.mx\\\/aguah\\\/\",\"name\":\"Agua de Hermosillo\",\"description\":\"Organismo operador de Agua potable, drenaje, alcantarillado, tratamiento y disposici\u00f3n de aguas residuales del municipio Hermosillo y zonas rurales aleda\u00f1as\",\"publisher\":{\"@id\":\"https:\\\/\\\/aguadehermosillo.gob.mx\\\/aguah\\\/#organization\"},\"potentialAction\":[{\"@type\":\"SearchAction\",\"target\":{\"@type\":\"EntryPoint\",\"urlTemplate\":\"https:\\\/\\\/aguadehermosillo.gob.mx\\\/aguah\\\/?s={search_term_string}\"},\"query-input\":{\"@type\":\"PropertyValueSpecification\",\"valueRequired\":true,\"valueName\":\"search_term_string\"}}],\"inLanguage\":\"es\"},{\"@type\":\"Organization\",\"@id\":\"https:\\\/\\\/aguadehermosillo.gob.mx\\\/aguah\\\/#organization\",\"name\":\"Agua de Hermosillo\",\"url\":\"https:\\\/\\\/aguadehermosillo.gob.mx\\\/aguah\\\/\",\"logo\":{\"@type\":\"ImageObject\",\"inLanguage\":\"es\",\"@id\":\"https:\\\/\\\/aguadehermosillo.gob.mx\\\/aguah\\\/#\\\/schema\\\/logo\\\/image\\\/\",\"url\":\"https:\\\/\\\/aguadehermosillo.gob.mx\\\/aguah\\\/wp-content\\\/uploads\\\/2019\\\/05\\\/AguaH.png\",\"contentUrl\":\"https:\\\/\\\/aguadehermosillo.gob.mx\\\/aguah\\\/wp-content\\\/uploads\\\/2019\\\/05\\\/AguaH.png\",\"width\":1920,\"height\":1080,\"caption\":\"Agua de Hermosillo\"},\"image\":{\"@id\":\"https:\\\/\\\/aguadehermosillo.gob.mx\\\/aguah\\\/#\\\/schema\\\/logo\\\/image\\\/\"},\"sameAs\":[\"https:\\\/\\\/facebook.com\\\/AguahdeHermosillo\",\"https:\\\/\\\/x.com\\\/aguahermosillo\"]},{\"@type\":\"Person\",\"@id\":\"https:\\\/\\\/aguadehermosillo.gob.mx\\\/aguah\\\/#\\\/schema\\\/person\\\/b5cb9f8bda43b94a15cff0bb2854f82c\",\"name\":\"Fernanda Rodriguez\",\"image\":{\"@type\":\"ImageObject\",\"inLanguage\":\"es\",\"@id\":\"https:\\\/\\\/secure.gravatar.com\\\/avatar\\\/5577934625455c849eb29550f3322c1bef9bafa817e68e4bcadba255529467b5?s=96&d=mm&r=gf1089a2a663e42a1bf4a8a0becf55e19\",\"url\":\"https:\\\/\\\/secure.gravatar.com\\\/avatar\\\/5577934625455c849eb29550f3322c1bef9bafa817e68e4bcadba255529467b5?s=96&d=mm&r=g\",\"contentUrl\":\"https:\\\/\\\/secure.gravatar.com\\\/avatar\\\/5577934625455c849eb29550f3322c1bef9bafa817e68e4bcadba255529467b5?s=96&d=mm&r=g\",\"caption\":\"Fernanda Rodriguez\"}}]}<\/script>\n<!-- \/ Yoast SEO plugin. -->","yoast_head_json":{"title":"Agua de Hermosillo - Bolet\u00edn 253 -Celebrar\u00e1n el D\u00eda Mundial del Agua creando conciencia sobre el cambio clim\u00e1tico","robots":{"index":"index","follow":"follow","max-snippet":"max-snippet:-1","max-image-preview":"max-image-preview:large","max-video-preview":"max-video-preview:-1"},"canonical":"https:\/\/aguadehermosillo.gob.mx\/aguah\/2020\/03\/12\/boletin-253-20200312\/","og_locale":"es_MX","og_type":"article","og_title":"Agua de Hermosillo - Bolet\u00edn 253 -Celebrar\u00e1n el D\u00eda Mundial del Agua creando conciencia sobre el cambio clim\u00e1tico","og_description":"Celebrar&aacute;n el D&iacute;a Mundial del Agua creando conciencia sobre el cambio clim&aacute;tico Agua de Hermosillo lanz&oacute; convocatoria de concurso de video para promover el uso y cuidado del vital l&iacute;quido. Hermosillo, Son. 12 de marzo de 2020.- Crear conciencia entre la sociedad, aportar ideas y generar acciones enfocadas al cuidado del agua ser&aacute;n algunos de los objetivos de la conmemoraci&oacute;n del D&iacute;a Mundial del Agua, que en su edici&oacute;n de 2020 incluye adem&aacute;s un enfoque dedicado al cambio clim&aacute;tico, dieron a conocer la Jefa del Departamento de Cultura de Agua,&hellip;","og_url":"https:\/\/aguadehermosillo.gob.mx\/aguah\/2020\/03\/12\/boletin-253-20200312\/","og_site_name":"Agua de Hermosillo","article_publisher":"https:\/\/facebook.com\/AguahdeHermosillo","article_published_time":"2020-03-12T22:48:19+00:00","article_modified_time":"2020-03-13T17:05:38+00:00","og_image":[{"width":1280,"height":896,"url":"https:\/\/aguadehermosillo.gob.mx\/aguah\/wp-content\/uploads\/2020\/03\/Imagen-C.C-1.jpg","type":"image\/jpeg"}],"author":"Fernanda Rodriguez","twitter_card":"summary_large_image","twitter_creator":"@aguahermosillo","twitter_site":"@aguahermosillo","twitter_misc":{"Escrito por":"Fernanda Rodriguez","Tiempo de lectura":"2 minutos","Written by":"Fernanda Rodriguez"},"schema":{"@context":"https:\/\/schema.org","@graph":[{"@type":"Article","@id":"https:\/\/aguadehermosillo.gob.mx\/aguah\/2020\/03\/12\/boletin-253-20200312\/#article","isPartOf":{"@id":"https:\/\/aguadehermosillo.gob.mx\/aguah\/2020\/03\/12\/boletin-253-20200312\/"},"author":{"name":"Fernanda Rodriguez","@id":"https:\/\/aguadehermosillo.gob.mx\/aguah\/#\/schema\/person\/b5cb9f8bda43b94a15cff0bb2854f82c"},"headline":"Bolet\u00edn 253 -Celebrar\u00e1n el D\u00eda Mundial del Agua creando conciencia sobre el cambio clim\u00e1tico","datePublished":"2020-03-12T22:48:19+00:00","dateModified":"2020-03-13T17:05:38+00:00","mainEntityOfPage":{"@id":"https:\/\/aguadehermosillo.gob.mx\/aguah\/2020\/03\/12\/boletin-253-20200312\/"},"wordCount":433,"publisher":{"@id":"https:\/\/aguadehermosillo.gob.mx\/aguah\/#organization"},"image":{"@id":"https:\/\/aguadehermosillo.gob.mx\/aguah\/2020\/03\/12\/boletin-253-20200312\/#primaryimage"},"thumbnailUrl":"https:\/\/aguadehermosillo.gob.mx\/aguah\/wp-content\/uploads\/2020\/03\/Imagen-C.C-1.jpg","articleSection":["Boletines"],"inLanguage":"es"},{"@type":"WebPage","@id":"https:\/\/aguadehermosillo.gob.mx\/aguah\/2020\/03\/12\/boletin-253-20200312\/","url":"https:\/\/aguadehermosillo.gob.mx\/aguah\/2020\/03\/12\/boletin-253-20200312\/","name":"Agua de Hermosillo - Bolet\u00edn 253 -Celebrar\u00e1n el D\u00eda Mundial del Agua creando conciencia sobre el cambio clim\u00e1tico","isPartOf":{"@id":"https:\/\/aguadehermosillo.gob.mx\/aguah\/#website"},"primaryImageOfPage":{"@id":"https:\/\/aguadehermosillo.gob.mx\/aguah\/2020\/03\/12\/boletin-253-20200312\/#primaryimage"},"image":{"@id":"https:\/\/aguadehermosillo.gob.mx\/aguah\/2020\/03\/12\/boletin-253-20200312\/#primaryimage"},"thumbnailUrl":"https:\/\/aguadehermosillo.gob.mx\/aguah\/wp-content\/uploads\/2020\/03\/Imagen-C.C-1.jpg","datePublished":"2020-03-12T22:48:19+00:00","dateModified":"2020-03-13T17:05:38+00:00","breadcrumb":{"@id":"https:\/\/aguadehermosillo.gob.mx\/aguah\/2020\/03\/12\/boletin-253-20200312\/#breadcrumb"},"inLanguage":"es","potentialAction":[{"@type":"ReadAction","target":["https:\/\/aguadehermosillo.gob.mx\/aguah\/2020\/03\/12\/boletin-253-20200312\/"]}]},{"@type":"ImageObject","inLanguage":"es","@id":"https:\/\/aguadehermosillo.gob.mx\/aguah\/2020\/03\/12\/boletin-253-20200312\/#primaryimage","url":"https:\/\/aguadehermosillo.gob.mx\/aguah\/wp-content\/uploads\/2020\/03\/Imagen-C.C-1.jpg","contentUrl":"https:\/\/aguadehermosillo.gob.mx\/aguah\/wp-content\/uploads\/2020\/03\/Imagen-C.C-1.jpg","width":1280,"height":896},{"@type":"BreadcrumbList","@id":"https:\/\/aguadehermosillo.gob.mx\/aguah\/2020\/03\/12\/boletin-253-20200312\/#breadcrumb","itemListElement":[{"@type":"ListItem","position":1,"name":"Inicio","item":"https:\/\/aguadehermosillo.gob.mx\/aguah\/"},{"@type":"ListItem","position":2,"name":"Bolet\u00edn 253 -Celebrar\u00e1n el D\u00eda Mundial del Agua creando conciencia sobre el cambio clim\u00e1tico"}]},{"@type":"WebSite","@id":"https:\/\/aguadehermosillo.gob.mx\/aguah\/#website","url":"https:\/\/aguadehermosillo.gob.mx\/aguah\/","name":"Agua de Hermosillo","description":"Organismo operador de Agua potable, drenaje, alcantarillado, tratamiento y disposici\u00f3n de aguas residuales del municipio Hermosillo y zonas rurales aleda\u00f1as","publisher":{"@id":"https:\/\/aguadehermosillo.gob.mx\/aguah\/#organization"},"potentialAction":[{"@type":"SearchAction","target":{"@type":"EntryPoint","urlTemplate":"https:\/\/aguadehermosillo.gob.mx\/aguah\/?s={search_term_string}"},"query-input":{"@type":"PropertyValueSpecification","valueRequired":true,"valueName":"search_term_string"}}],"inLanguage":"es"},{"@type":"Organization","@id":"https:\/\/aguadehermosillo.gob.mx\/aguah\/#organization","name":"Agua de Hermosillo","url":"https:\/\/aguadehermosillo.gob.mx\/aguah\/","logo":{"@type":"ImageObject","inLanguage":"es","@id":"https:\/\/aguadehermosillo.gob.mx\/aguah\/#\/schema\/logo\/image\/","url":"https:\/\/aguadehermosillo.gob.mx\/aguah\/wp-content\/uploads\/2019\/05\/AguaH.png","contentUrl":"https:\/\/aguadehermosillo.gob.mx\/aguah\/wp-content\/uploads\/2019\/05\/AguaH.png","width":1920,"height":1080,"caption":"Agua de Hermosillo"},"image":{"@id":"https:\/\/aguadehermosillo.gob.mx\/aguah\/#\/schema\/logo\/image\/"},"sameAs":["https:\/\/facebook.com\/AguahdeHermosillo","https:\/\/x.com\/aguahermosillo"]},{"@type":"Person","@id":"https:\/\/aguadehermosillo.gob.mx\/aguah\/#\/schema\/person\/b5cb9f8bda43b94a15cff0bb2854f82c","name":"Fernanda Rodriguez","image":{"@type":"ImageObject","inLanguage":"es","@id":"https:\/\/secure.gravatar.com\/avatar\/5577934625455c849eb29550f3322c1bef9bafa817e68e4bcadba255529467b5?s=96&d=mm&r=gf1089a2a663e42a1bf4a8a0becf55e19","url":"https:\/\/secure.gravatar.com\/avatar\/5577934625455c849eb29550f3322c1bef9bafa817e68e4bcadba255529467b5?s=96&d=mm&r=g","contentUrl":"https:\/\/secure.gravatar.com\/avatar\/5577934625455c849eb29550f3322c1bef9bafa817e68e4bcadba255529467b5?s=96&d=mm&r=g","caption":"Fernanda Rodriguez"}}]}},"_links":{"self":[{"href":"https:\/\/aguadehermosillo.gob.mx\/aguah\/wp-json\/wp\/v2\/posts\/3462","targetHints":{"allow":["GET"]}}],"collection":[{"href":"https:\/\/aguadehermosillo.gob.mx\/aguah\/wp-json\/wp\/v2\/posts"}],"about":[{"href":"https:\/\/aguadehermosillo.gob.mx\/aguah\/wp-json\/wp\/v2\/types\/post"}],"author":[{"embeddable":true,"href":"https:\/\/aguadehermosillo.gob.mx\/aguah\/wp-json\/wp\/v2\/users\/11"}],"replies":[{"embeddable":true,"href":"https:\/\/aguadehermosillo.gob.mx\/aguah\/wp-json\/wp\/v2\/comments?post=3462"}],"version-history":[{"count":3,"href":"https:\/\/aguadehermosillo.gob.mx\/aguah\/wp-json\/wp\/v2\/posts\/3462\/revisions"}],"predecessor-version":[{"id":3468,"href":"https:\/\/aguadehermosillo.gob.mx\/aguah\/wp-json\/wp\/v2\/posts\/3462\/revisions\/3468"}],"wp:featuredmedia":[{"embeddable":true,"href":"https:\/\/aguadehermosillo.gob.mx\/aguah\/wp-json\/wp\/v2\/media\/3463"}],"wp:attachment":[{"href":"https:\/\/aguadehermosillo.gob.mx\/aguah\/wp-json\/wp\/v2\/media?parent=3462"}],"wp:term":[{"taxonomy":"category","embeddable":true,"href":"https:\/\/aguadehermosillo.gob.mx\/aguah\/wp-json\/wp\/v2\/categories?post=3462"},{"taxonomy":"post_tag","embeddable":true,"href":"https:\/\/aguadehermosillo.gob.mx\/aguah\/wp-json\/wp\/v2\/tags?post=3462"},{"taxonomy":"author","embeddable":true,"href":"https:\/\/aguadehermosillo.gob.mx\/aguah\/wp-json\/wp\/v2\/coauthors?post=3462"}],"curies":[{"name":"wp","href":"https:\/\/api.w.org\/{rel}","templated":true}]}}