{"id":3469,"date":"2020-03-17T15:32:33","date_gmt":"2020-03-17T22:32:33","guid":{"rendered":"http:\/\/aguadehermosillo.gob.mx\/aguah\/?p=3469"},"modified":"2020-03-17T15:32:35","modified_gmt":"2020-03-17T22:32:35","slug":"boletin-254-20200317","status":"publish","type":"post","link":"https:\/\/aguadehermosillo.gob.mx\/aguah\/2020\/03\/17\/boletin-254-20200317\/","title":{"rendered":"Bolet\u00edn 254 &#8211; Se suma Agua de Hermosillo a las medidas preventivas de salud"},"content":{"rendered":"\n<ul class=\"wp-block-list\"><li><strong><em>Se pospondr\u00e1n la realizaci\u00f3n de los eventos del D\u00eda\nMundial del Agua y las Jornadas de Regularizaci\u00f3n.<\/em><\/strong><\/li><li><strong><em>Los servicios de atenci\u00f3n a usuarios se mantendr\u00e1n,\npero con protocolos laborales internos especiales. <\/em><\/strong><\/li><\/ul>\n\n\n\n<p><em>Hermosillo, Son. 17 de marzo de 2020.-<\/em> Con el prop\u00f3sito de atender a las disposiciones y\nrecomendaciones de las autoridades de salud, Agua de Hermosillo pospondr\u00e1 la\nrealizaci\u00f3n de algunas de sus actividades programadas, y adem\u00e1s modificar\u00e1\nrutinas laborales para mantener la atenci\u00f3n a usuarios con el menor n\u00famero posible\nde empleados. <\/p>\n\n\n\n<p>El\nlicenciado Iv\u00e1n Sandoval G\u00e1mez, director comercial del organismo operador, dio\na conocer que las actividades programadas para conmemorar el D\u00eda Mundial del\nAgua, as\u00ed como las Jornadas de Regularizaci\u00f3n quedar\u00e1n pospuestas hasta nuevo\naviso. <\/p>\n\n\n\n<p>Destac\u00f3\nque las \u00e1reas de atenci\u00f3n a los usuarios como CATI y M\u00f3dulos mantendr\u00e1n su\noperaci\u00f3n, pero se limitar\u00e1 el n\u00famero de empleados laborando, as\u00ed como le\ncantidad de personas que ser\u00e1n atendidas en cada jornada de trabajo. <\/p>\n\n\n\n<p>Por\nel momento estar\u00e1n operando en horario normal, de 8:00am a 3:30pm, solamente el\nM\u00f3dulo Central (Luis Encinas y Universidad), el M\u00f3dulo Centro (Colosio y\nGuerrero), el M\u00f3dulo Sahuaro (Plaza Ley Sahuaro) y el M\u00f3dulo Pabell\u00f3n Reforma (De\nla Cultura y Reforma).<\/p>\n\n\n\n<p>Cabe\nse\u00f1alar que en cada una de los m\u00f3dulos se permitir\u00e1 la presencia de no m\u00e1s de\n10 personas por turno de atenci\u00f3n, incluyendo los agentes comerciales, por lo\nque los usuarios deber\u00e1n esperar en fila hacia el exterior del inmueble. <\/p>\n\n\n\n<p>En\nel caso de los cajeros autom\u00e1ticos y los pagos por Internet se mantendr\u00e1n en\nlos mismos horarios de atenci\u00f3n.<\/p>\n\n\n\n<p>Sandoval\nG\u00e1mez dijo que en este proceso de emergencia sanitaria se dar\u00e1 atenci\u00f3n\ninmediata a cualquier ruptura en l\u00edneas que provoque la falta de agua en alguno\nde los sectores de la ciudad, por lo que se contar\u00e1 con personal operativo\ndisponible ante cualquier afectaci\u00f3n. <\/p>\n\n\n\n<p>El\ndirector comercial de Agua de Hermosillo record\u00f3 a la ciudadan\u00eda que la l\u00ednea\ndel CATI 073 y el Whatsapp 6624290000 seguir\u00e1n operando con normalidad para\nrecibir reportes, al igual que las redes sociales del organismo Twitter.com\/aguahermosillo\ny Facebook.com\/AguaDeHermosillo.<\/p>\n\n\n\n<p><\/p>\n","protected":false},"excerpt":{"rendered":"<p>Se pospondr&aacute;n la realizaci&oacute;n de los eventos del D&iacute;a Mundial del Agua y las Jornadas de Regularizaci&oacute;n. Los servicios de atenci&oacute;n a usuarios se mantendr&aacute;n, pero con protocolos laborales internos especiales. Hermosillo, Son. 17 de marzo de 2020.- Con el prop&oacute;sito de atender a las disposiciones y recomendaciones de las autoridades de salud, Agua de Hermosillo pospondr&aacute; la realizaci&oacute;n de algunas de sus actividades programadas, y adem&aacute;s modificar&aacute; rutinas laborales para mantener la atenci&oacute;n a usuarios con el menor n&uacute;mero posible de empleados. El licenciado Iv&aacute;n Sandoval G&aacute;mez, director comercial&hellip;<\/p>\n","protected":false},"author":11,"featured_media":3470,"comment_status":"closed","ping_status":"closed","sticky":false,"template":"","format":"standard","meta":{"footnotes":""},"categories":[1],"tags":[],"coauthors":[54],"class_list":["post-3469","post","type-post","status-publish","format-standard","has-post-thumbnail","hentry","category-boletines"],"yoast_head":"<!-- This site is optimized with the Yoast SEO plugin v27.5 - https:\/\/yoast.com\/product\/yoast-seo-wordpress\/ -->\n<title>Agua de Hermosillo - Bolet\u00edn 254 - Se suma Agua de Hermosillo a las medidas preventivas de salud<\/title>\n<meta name=\"robots\" content=\"index, follow, max-snippet:-1, max-image-preview:large, max-video-preview:-1\" \/>\n<link rel=\"canonical\" href=\"https:\/\/aguadehermosillo.gob.mx\/aguah\/2020\/03\/17\/boletin-254-20200317\/\" \/>\n<meta property=\"og:locale\" content=\"es_MX\" \/>\n<meta property=\"og:type\" content=\"article\" \/>\n<meta property=\"og:title\" content=\"Agua de Hermosillo - Bolet\u00edn 254 - Se suma Agua de Hermosillo a las medidas preventivas de salud\" \/>\n<meta property=\"og:description\" content=\"Se pospondr&aacute;n la realizaci&oacute;n de los eventos del D&iacute;a Mundial del Agua y las Jornadas de Regularizaci&oacute;n. Los servicios de atenci&oacute;n a usuarios se mantendr&aacute;n, pero con protocolos laborales internos especiales. Hermosillo, Son. 17 de marzo de 2020.- Con el prop&oacute;sito de atender a las disposiciones y recomendaciones de las autoridades de salud, Agua de Hermosillo pospondr&aacute; la realizaci&oacute;n de algunas de sus actividades programadas, y adem&aacute;s modificar&aacute; rutinas laborales para mantener la atenci&oacute;n a usuarios con el menor n&uacute;mero posible de empleados. El licenciado Iv&aacute;n Sandoval G&aacute;mez, director comercial&hellip;\" \/>\n<meta property=\"og:url\" content=\"https:\/\/aguadehermosillo.gob.mx\/aguah\/2020\/03\/17\/boletin-254-20200317\/\" \/>\n<meta property=\"og:site_name\" content=\"Agua de Hermosillo\" \/>\n<meta property=\"article:publisher\" content=\"https:\/\/facebook.com\/AguahdeHermosillo\" \/>\n<meta property=\"article:published_time\" content=\"2020-03-17T22:32:33+00:00\" \/>\n<meta property=\"article:modified_time\" content=\"2020-03-17T22:32:35+00:00\" \/>\n<meta property=\"og:image\" content=\"https:\/\/aguadehermosillo.gob.mx\/aguah\/wp-content\/uploads\/2020\/03\/254.jpg\" \/>\n\t<meta property=\"og:image:width\" content=\"1280\" \/>\n\t<meta property=\"og:image:height\" content=\"975\" \/>\n\t<meta property=\"og:image:type\" content=\"image\/jpeg\" \/>\n<meta name=\"author\" content=\"Fernanda Rodriguez\" \/>\n<meta name=\"twitter:card\" content=\"summary_large_image\" \/>\n<meta name=\"twitter:creator\" content=\"@aguahermosillo\" \/>\n<meta name=\"twitter:site\" content=\"@aguahermosillo\" \/>\n<meta name=\"twitter:label1\" content=\"Escrito por\" \/>\n\t<meta name=\"twitter:data1\" content=\"Fernanda Rodriguez\" \/>\n\t<meta name=\"twitter:label2\" content=\"Tiempo de lectura\" \/>\n\t<meta name=\"twitter:data2\" content=\"2 minutos\" \/>\n\t<meta name=\"twitter:label3\" content=\"Written by\" \/>\n\t<meta name=\"twitter:data3\" content=\"Fernanda Rodriguez\" \/>\n<script type=\"application\/ld+json\" class=\"yoast-schema-graph\">{\"@context\":\"https:\\\/\\\/schema.org\",\"@graph\":[{\"@type\":\"Article\",\"@id\":\"https:\\\/\\\/aguadehermosillo.gob.mx\\\/aguah\\\/2020\\\/03\\\/17\\\/boletin-254-20200317\\\/#article\",\"isPartOf\":{\"@id\":\"https:\\\/\\\/aguadehermosillo.gob.mx\\\/aguah\\\/2020\\\/03\\\/17\\\/boletin-254-20200317\\\/\"},\"author\":{\"name\":\"Fernanda Rodriguez\",\"@id\":\"https:\\\/\\\/aguadehermosillo.gob.mx\\\/aguah\\\/#\\\/schema\\\/person\\\/b5cb9f8bda43b94a15cff0bb2854f82c\"},\"headline\":\"Bolet\u00edn 254 &#8211; Se suma Agua de Hermosillo a las medidas preventivas de salud\",\"datePublished\":\"2020-03-17T22:32:33+00:00\",\"dateModified\":\"2020-03-17T22:32:35+00:00\",\"mainEntityOfPage\":{\"@id\":\"https:\\\/\\\/aguadehermosillo.gob.mx\\\/aguah\\\/2020\\\/03\\\/17\\\/boletin-254-20200317\\\/\"},\"wordCount\":400,\"publisher\":{\"@id\":\"https:\\\/\\\/aguadehermosillo.gob.mx\\\/aguah\\\/#organization\"},\"image\":{\"@id\":\"https:\\\/\\\/aguadehermosillo.gob.mx\\\/aguah\\\/2020\\\/03\\\/17\\\/boletin-254-20200317\\\/#primaryimage\"},\"thumbnailUrl\":\"https:\\\/\\\/aguadehermosillo.gob.mx\\\/aguah\\\/wp-content\\\/uploads\\\/2020\\\/03\\\/254.jpg\",\"articleSection\":[\"Boletines\"],\"inLanguage\":\"es\"},{\"@type\":\"WebPage\",\"@id\":\"https:\\\/\\\/aguadehermosillo.gob.mx\\\/aguah\\\/2020\\\/03\\\/17\\\/boletin-254-20200317\\\/\",\"url\":\"https:\\\/\\\/aguadehermosillo.gob.mx\\\/aguah\\\/2020\\\/03\\\/17\\\/boletin-254-20200317\\\/\",\"name\":\"Agua de Hermosillo - Bolet\u00edn 254 - Se suma Agua de Hermosillo a las medidas preventivas de salud\",\"isPartOf\":{\"@id\":\"https:\\\/\\\/aguadehermosillo.gob.mx\\\/aguah\\\/#website\"},\"primaryImageOfPage\":{\"@id\":\"https:\\\/\\\/aguadehermosillo.gob.mx\\\/aguah\\\/2020\\\/03\\\/17\\\/boletin-254-20200317\\\/#primaryimage\"},\"image\":{\"@id\":\"https:\\\/\\\/aguadehermosillo.gob.mx\\\/aguah\\\/2020\\\/03\\\/17\\\/boletin-254-20200317\\\/#primaryimage\"},\"thumbnailUrl\":\"https:\\\/\\\/aguadehermosillo.gob.mx\\\/aguah\\\/wp-content\\\/uploads\\\/2020\\\/03\\\/254.jpg\",\"datePublished\":\"2020-03-17T22:32:33+00:00\",\"dateModified\":\"2020-03-17T22:32:35+00:00\",\"breadcrumb\":{\"@id\":\"https:\\\/\\\/aguadehermosillo.gob.mx\\\/aguah\\\/2020\\\/03\\\/17\\\/boletin-254-20200317\\\/#breadcrumb\"},\"inLanguage\":\"es\",\"potentialAction\":[{\"@type\":\"ReadAction\",\"target\":[\"https:\\\/\\\/aguadehermosillo.gob.mx\\\/aguah\\\/2020\\\/03\\\/17\\\/boletin-254-20200317\\\/\"]}]},{\"@type\":\"ImageObject\",\"inLanguage\":\"es\",\"@id\":\"https:\\\/\\\/aguadehermosillo.gob.mx\\\/aguah\\\/2020\\\/03\\\/17\\\/boletin-254-20200317\\\/#primaryimage\",\"url\":\"https:\\\/\\\/aguadehermosillo.gob.mx\\\/aguah\\\/wp-content\\\/uploads\\\/2020\\\/03\\\/254.jpg\",\"contentUrl\":\"https:\\\/\\\/aguadehermosillo.gob.mx\\\/aguah\\\/wp-content\\\/uploads\\\/2020\\\/03\\\/254.jpg\",\"width\":1280,\"height\":975},{\"@type\":\"BreadcrumbList\",\"@id\":\"https:\\\/\\\/aguadehermosillo.gob.mx\\\/aguah\\\/2020\\\/03\\\/17\\\/boletin-254-20200317\\\/#breadcrumb\",\"itemListElement\":[{\"@type\":\"ListItem\",\"position\":1,\"name\":\"Inicio\",\"item\":\"https:\\\/\\\/aguadehermosillo.gob.mx\\\/aguah\\\/\"},{\"@type\":\"ListItem\",\"position\":2,\"name\":\"Bolet\u00edn 254 &#8211; Se suma Agua de Hermosillo a las medidas preventivas de salud\"}]},{\"@type\":\"WebSite\",\"@id\":\"https:\\\/\\\/aguadehermosillo.gob.mx\\\/aguah\\\/#website\",\"url\":\"https:\\\/\\\/aguadehermosillo.gob.mx\\\/aguah\\\/\",\"name\":\"Agua de Hermosillo\",\"description\":\"Organismo operador de Agua potable, drenaje, alcantarillado, tratamiento y disposici\u00f3n de aguas residuales del municipio Hermosillo y zonas rurales aleda\u00f1as\",\"publisher\":{\"@id\":\"https:\\\/\\\/aguadehermosillo.gob.mx\\\/aguah\\\/#organization\"},\"potentialAction\":[{\"@type\":\"SearchAction\",\"target\":{\"@type\":\"EntryPoint\",\"urlTemplate\":\"https:\\\/\\\/aguadehermosillo.gob.mx\\\/aguah\\\/?s={search_term_string}\"},\"query-input\":{\"@type\":\"PropertyValueSpecification\",\"valueRequired\":true,\"valueName\":\"search_term_string\"}}],\"inLanguage\":\"es\"},{\"@type\":\"Organization\",\"@id\":\"https:\\\/\\\/aguadehermosillo.gob.mx\\\/aguah\\\/#organization\",\"name\":\"Agua de Hermosillo\",\"url\":\"https:\\\/\\\/aguadehermosillo.gob.mx\\\/aguah\\\/\",\"logo\":{\"@type\":\"ImageObject\",\"inLanguage\":\"es\",\"@id\":\"https:\\\/\\\/aguadehermosillo.gob.mx\\\/aguah\\\/#\\\/schema\\\/logo\\\/image\\\/\",\"url\":\"https:\\\/\\\/aguadehermosillo.gob.mx\\\/aguah\\\/wp-content\\\/uploads\\\/2019\\\/05\\\/AguaH.png\",\"contentUrl\":\"https:\\\/\\\/aguadehermosillo.gob.mx\\\/aguah\\\/wp-content\\\/uploads\\\/2019\\\/05\\\/AguaH.png\",\"width\":1920,\"height\":1080,\"caption\":\"Agua de Hermosillo\"},\"image\":{\"@id\":\"https:\\\/\\\/aguadehermosillo.gob.mx\\\/aguah\\\/#\\\/schema\\\/logo\\\/image\\\/\"},\"sameAs\":[\"https:\\\/\\\/facebook.com\\\/AguahdeHermosillo\",\"https:\\\/\\\/x.com\\\/aguahermosillo\"]},{\"@type\":\"Person\",\"@id\":\"https:\\\/\\\/aguadehermosillo.gob.mx\\\/aguah\\\/#\\\/schema\\\/person\\\/b5cb9f8bda43b94a15cff0bb2854f82c\",\"name\":\"Fernanda Rodriguez\",\"image\":{\"@type\":\"ImageObject\",\"inLanguage\":\"es\",\"@id\":\"https:\\\/\\\/secure.gravatar.com\\\/avatar\\\/5577934625455c849eb29550f3322c1bef9bafa817e68e4bcadba255529467b5?s=96&d=mm&r=gf1089a2a663e42a1bf4a8a0becf55e19\",\"url\":\"https:\\\/\\\/secure.gravatar.com\\\/avatar\\\/5577934625455c849eb29550f3322c1bef9bafa817e68e4bcadba255529467b5?s=96&d=mm&r=g\",\"contentUrl\":\"https:\\\/\\\/secure.gravatar.com\\\/avatar\\\/5577934625455c849eb29550f3322c1bef9bafa817e68e4bcadba255529467b5?s=96&d=mm&r=g\",\"caption\":\"Fernanda Rodriguez\"}}]}<\/script>\n<!-- \/ Yoast SEO plugin. -->","yoast_head_json":{"title":"Agua de Hermosillo - Bolet\u00edn 254 - Se suma Agua de Hermosillo a las medidas preventivas de salud","robots":{"index":"index","follow":"follow","max-snippet":"max-snippet:-1","max-image-preview":"max-image-preview:large","max-video-preview":"max-video-preview:-1"},"canonical":"https:\/\/aguadehermosillo.gob.mx\/aguah\/2020\/03\/17\/boletin-254-20200317\/","og_locale":"es_MX","og_type":"article","og_title":"Agua de Hermosillo - Bolet\u00edn 254 - Se suma Agua de Hermosillo a las medidas preventivas de salud","og_description":"Se pospondr&aacute;n la realizaci&oacute;n de los eventos del D&iacute;a Mundial del Agua y las Jornadas de Regularizaci&oacute;n. Los servicios de atenci&oacute;n a usuarios se mantendr&aacute;n, pero con protocolos laborales internos especiales. Hermosillo, Son. 17 de marzo de 2020.- Con el prop&oacute;sito de atender a las disposiciones y recomendaciones de las autoridades de salud, Agua de Hermosillo pospondr&aacute; la realizaci&oacute;n de algunas de sus actividades programadas, y adem&aacute;s modificar&aacute; rutinas laborales para mantener la atenci&oacute;n a usuarios con el menor n&uacute;mero posible de empleados. El licenciado Iv&aacute;n Sandoval G&aacute;mez, director comercial&hellip;","og_url":"https:\/\/aguadehermosillo.gob.mx\/aguah\/2020\/03\/17\/boletin-254-20200317\/","og_site_name":"Agua de Hermosillo","article_publisher":"https:\/\/facebook.com\/AguahdeHermosillo","article_published_time":"2020-03-17T22:32:33+00:00","article_modified_time":"2020-03-17T22:32:35+00:00","og_image":[{"width":1280,"height":975,"url":"https:\/\/aguadehermosillo.gob.mx\/aguah\/wp-content\/uploads\/2020\/03\/254.jpg","type":"image\/jpeg"}],"author":"Fernanda Rodriguez","twitter_card":"summary_large_image","twitter_creator":"@aguahermosillo","twitter_site":"@aguahermosillo","twitter_misc":{"Escrito por":"Fernanda Rodriguez","Tiempo de lectura":"2 minutos","Written by":"Fernanda Rodriguez"},"schema":{"@context":"https:\/\/schema.org","@graph":[{"@type":"Article","@id":"https:\/\/aguadehermosillo.gob.mx\/aguah\/2020\/03\/17\/boletin-254-20200317\/#article","isPartOf":{"@id":"https:\/\/aguadehermosillo.gob.mx\/aguah\/2020\/03\/17\/boletin-254-20200317\/"},"author":{"name":"Fernanda Rodriguez","@id":"https:\/\/aguadehermosillo.gob.mx\/aguah\/#\/schema\/person\/b5cb9f8bda43b94a15cff0bb2854f82c"},"headline":"Bolet\u00edn 254 &#8211; Se suma Agua de Hermosillo a las medidas preventivas de salud","datePublished":"2020-03-17T22:32:33+00:00","dateModified":"2020-03-17T22:32:35+00:00","mainEntityOfPage":{"@id":"https:\/\/aguadehermosillo.gob.mx\/aguah\/2020\/03\/17\/boletin-254-20200317\/"},"wordCount":400,"publisher":{"@id":"https:\/\/aguadehermosillo.gob.mx\/aguah\/#organization"},"image":{"@id":"https:\/\/aguadehermosillo.gob.mx\/aguah\/2020\/03\/17\/boletin-254-20200317\/#primaryimage"},"thumbnailUrl":"https:\/\/aguadehermosillo.gob.mx\/aguah\/wp-content\/uploads\/2020\/03\/254.jpg","articleSection":["Boletines"],"inLanguage":"es"},{"@type":"WebPage","@id":"https:\/\/aguadehermosillo.gob.mx\/aguah\/2020\/03\/17\/boletin-254-20200317\/","url":"https:\/\/aguadehermosillo.gob.mx\/aguah\/2020\/03\/17\/boletin-254-20200317\/","name":"Agua de Hermosillo - Bolet\u00edn 254 - Se suma Agua de Hermosillo a las medidas preventivas de salud","isPartOf":{"@id":"https:\/\/aguadehermosillo.gob.mx\/aguah\/#website"},"primaryImageOfPage":{"@id":"https:\/\/aguadehermosillo.gob.mx\/aguah\/2020\/03\/17\/boletin-254-20200317\/#primaryimage"},"image":{"@id":"https:\/\/aguadehermosillo.gob.mx\/aguah\/2020\/03\/17\/boletin-254-20200317\/#primaryimage"},"thumbnailUrl":"https:\/\/aguadehermosillo.gob.mx\/aguah\/wp-content\/uploads\/2020\/03\/254.jpg","datePublished":"2020-03-17T22:32:33+00:00","dateModified":"2020-03-17T22:32:35+00:00","breadcrumb":{"@id":"https:\/\/aguadehermosillo.gob.mx\/aguah\/2020\/03\/17\/boletin-254-20200317\/#breadcrumb"},"inLanguage":"es","potentialAction":[{"@type":"ReadAction","target":["https:\/\/aguadehermosillo.gob.mx\/aguah\/2020\/03\/17\/boletin-254-20200317\/"]}]},{"@type":"ImageObject","inLanguage":"es","@id":"https:\/\/aguadehermosillo.gob.mx\/aguah\/2020\/03\/17\/boletin-254-20200317\/#primaryimage","url":"https:\/\/aguadehermosillo.gob.mx\/aguah\/wp-content\/uploads\/2020\/03\/254.jpg","contentUrl":"https:\/\/aguadehermosillo.gob.mx\/aguah\/wp-content\/uploads\/2020\/03\/254.jpg","width":1280,"height":975},{"@type":"BreadcrumbList","@id":"https:\/\/aguadehermosillo.gob.mx\/aguah\/2020\/03\/17\/boletin-254-20200317\/#breadcrumb","itemListElement":[{"@type":"ListItem","position":1,"name":"Inicio","item":"https:\/\/aguadehermosillo.gob.mx\/aguah\/"},{"@type":"ListItem","position":2,"name":"Bolet\u00edn 254 &#8211; Se suma Agua de Hermosillo a las medidas preventivas de salud"}]},{"@type":"WebSite","@id":"https:\/\/aguadehermosillo.gob.mx\/aguah\/#website","url":"https:\/\/aguadehermosillo.gob.mx\/aguah\/","name":"Agua de Hermosillo","description":"Organismo operador de Agua potable, drenaje, alcantarillado, tratamiento y disposici\u00f3n de aguas residuales del municipio Hermosillo y zonas rurales aleda\u00f1as","publisher":{"@id":"https:\/\/aguadehermosillo.gob.mx\/aguah\/#organization"},"potentialAction":[{"@type":"SearchAction","target":{"@type":"EntryPoint","urlTemplate":"https:\/\/aguadehermosillo.gob.mx\/aguah\/?s={search_term_string}"},"query-input":{"@type":"PropertyValueSpecification","valueRequired":true,"valueName":"search_term_string"}}],"inLanguage":"es"},{"@type":"Organization","@id":"https:\/\/aguadehermosillo.gob.mx\/aguah\/#organization","name":"Agua de Hermosillo","url":"https:\/\/aguadehermosillo.gob.mx\/aguah\/","logo":{"@type":"ImageObject","inLanguage":"es","@id":"https:\/\/aguadehermosillo.gob.mx\/aguah\/#\/schema\/logo\/image\/","url":"https:\/\/aguadehermosillo.gob.mx\/aguah\/wp-content\/uploads\/2019\/05\/AguaH.png","contentUrl":"https:\/\/aguadehermosillo.gob.mx\/aguah\/wp-content\/uploads\/2019\/05\/AguaH.png","width":1920,"height":1080,"caption":"Agua de Hermosillo"},"image":{"@id":"https:\/\/aguadehermosillo.gob.mx\/aguah\/#\/schema\/logo\/image\/"},"sameAs":["https:\/\/facebook.com\/AguahdeHermosillo","https:\/\/x.com\/aguahermosillo"]},{"@type":"Person","@id":"https:\/\/aguadehermosillo.gob.mx\/aguah\/#\/schema\/person\/b5cb9f8bda43b94a15cff0bb2854f82c","name":"Fernanda Rodriguez","image":{"@type":"ImageObject","inLanguage":"es","@id":"https:\/\/secure.gravatar.com\/avatar\/5577934625455c849eb29550f3322c1bef9bafa817e68e4bcadba255529467b5?s=96&d=mm&r=gf1089a2a663e42a1bf4a8a0becf55e19","url":"https:\/\/secure.gravatar.com\/avatar\/5577934625455c849eb29550f3322c1bef9bafa817e68e4bcadba255529467b5?s=96&d=mm&r=g","contentUrl":"https:\/\/secure.gravatar.com\/avatar\/5577934625455c849eb29550f3322c1bef9bafa817e68e4bcadba255529467b5?s=96&d=mm&r=g","caption":"Fernanda Rodriguez"}}]}},"_links":{"self":[{"href":"https:\/\/aguadehermosillo.gob.mx\/aguah\/wp-json\/wp\/v2\/posts\/3469","targetHints":{"allow":["GET"]}}],"collection":[{"href":"https:\/\/aguadehermosillo.gob.mx\/aguah\/wp-json\/wp\/v2\/posts"}],"about":[{"href":"https:\/\/aguadehermosillo.gob.mx\/aguah\/wp-json\/wp\/v2\/types\/post"}],"author":[{"embeddable":true,"href":"https:\/\/aguadehermosillo.gob.mx\/aguah\/wp-json\/wp\/v2\/users\/11"}],"replies":[{"embeddable":true,"href":"https:\/\/aguadehermosillo.gob.mx\/aguah\/wp-json\/wp\/v2\/comments?post=3469"}],"version-history":[{"count":1,"href":"https:\/\/aguadehermosillo.gob.mx\/aguah\/wp-json\/wp\/v2\/posts\/3469\/revisions"}],"predecessor-version":[{"id":3471,"href":"https:\/\/aguadehermosillo.gob.mx\/aguah\/wp-json\/wp\/v2\/posts\/3469\/revisions\/3471"}],"wp:featuredmedia":[{"embeddable":true,"href":"https:\/\/aguadehermosillo.gob.mx\/aguah\/wp-json\/wp\/v2\/media\/3470"}],"wp:attachment":[{"href":"https:\/\/aguadehermosillo.gob.mx\/aguah\/wp-json\/wp\/v2\/media?parent=3469"}],"wp:term":[{"taxonomy":"category","embeddable":true,"href":"https:\/\/aguadehermosillo.gob.mx\/aguah\/wp-json\/wp\/v2\/categories?post=3469"},{"taxonomy":"post_tag","embeddable":true,"href":"https:\/\/aguadehermosillo.gob.mx\/aguah\/wp-json\/wp\/v2\/tags?post=3469"},{"taxonomy":"author","embeddable":true,"href":"https:\/\/aguadehermosillo.gob.mx\/aguah\/wp-json\/wp\/v2\/coauthors?post=3469"}],"curies":[{"name":"wp","href":"https:\/\/api.w.org\/{rel}","templated":true}]}}