{"id":3571,"date":"2020-05-22T19:49:34","date_gmt":"2020-05-23T02:49:34","guid":{"rendered":"http:\/\/aguadehermosillo.gob.mx\/aguah\/?p=3571"},"modified":"2020-05-22T21:14:24","modified_gmt":"2020-05-23T04:14:24","slug":"boletin-270-20200522","status":"publish","type":"post","link":"https:\/\/aguadehermosillo.gob.mx\/aguah\/2020\/05\/22\/boletin-270-20200522\/","title":{"rendered":"Bolet\u00edn 270 &#8211; Incorpora Agua de Hermosillo a nuevos integrantes de su Junta de Gobierno"},"content":{"rendered":"\n<p>Relevar\u00e1n a tres de los Vocales Ciudadanos que ya completaron su periodo de funciones. <\/p>\n\n\n\n<p>Hermosillo, Son. 22 de mayo de 2020.- La Junta de Gobierno de Agua de Hermosillo recibi\u00f3 a tres nuevos integrantes que formar\u00e1n parte del grupo de Vocales Ciudadanos que componen este m\u00e1ximo \u00f3rgano colegiado.<\/p>\n\n\n\n<p>Se trata del Lic. Norberto Larr\u00ednaga Buelna, del C.P. Jos\u00e9 Oth\u00f3n Ramos, y de la Mtra. Ing. Karina L\u00f3pez Ivich, quienes, despu\u00e9s de rendir protesta, se incorporan oficialmente en el ejercicio formal de la toma de decisiones del organismo operador.  <\/p>\n\n\n\n<p>Su inclusi\u00f3n, previo sometimiento a consideraci\u00f3n ante resto de los miembros de la Junta de Gobierno, se llev\u00f3 a cabo respaldada en la opini\u00f3n de representantes de sectores acad\u00e9micos, prestadores de bienes y servicios relacionados con la materia de agua, agrupaciones de profesionales y a asociaciones de ciudadanos.<\/p>\n\n\n\n<p>El \u00f3rgano colegiado certific\u00f3 en los nuevos miembros probidad y capacidad t\u00e9cnica suficiente en el conocimiento del organismo y la materia del agua, as\u00ed como la voluntad para aportar lo necesario en la continuaci\u00f3n de las funciones de los Vocales Ciudadanos pertenecientes a la Junta de Gobierno.<\/p>\n\n\n\n<p>En una reuni\u00f3n semi presencial que se llev\u00f3 a cabo v\u00eda videoenlace conectado a varias sedes, la Alcaldesa Celida L\u00f3pez C\u00e1rdenas, el director general de Agua de Hermosillo, Alfredo G\u00f3mez Sarabia, as\u00ed como el resto de los integrantes de la Junta de Gobierno, dieron la bienvenida a los nuevos integrantes. <\/p>\n\n\n\n<p>En esta sesi\u00f3n tambi\u00e9n se brind\u00f3 el reconocimiento al C.P. Jos\u00e9 Antonio D\u00edaz Quintanar, al Ing. H\u00e9ctor Seldner Liz\u00e1rraga y al Ing. F\u00e9lix Tonella Platt, al haber completado su periodo de designaci\u00f3n, conforme a la normatividad vigente, ocupando la titularidad como Vocales Ciudadanos y cumpliendo honrosamente esta funci\u00f3n que result\u00f3 de provecho en el legado para el Organismo Operador. <\/p>\n\n\n\n<p>Cabe se\u00f1alar que la Junta de Gobierno de Agua de Hermosillo est\u00e1 integrada, entre otros, por Vocales Ciudadanos honor\u00edficos considerados como ciudadanos ejemplares, y que conforman un pleno plural en el que la sociedad civil se encuentra representada para tomar decisiones al interior de Agua de Hermosillo. <\/p>\n\n\n\n<p> <strong>Directorio de la Junta de Gobierno del Organismo Operador<\/strong>  <br><br><strong> Lic. Celida Teresa L\u00f3pez C\u00e1rdenas<\/strong><br> Presidenta Municipal y Presidenta de la Junta de Gobierno <br><strong> C. Joaqu\u00edn Rodr\u00edguez V\u00e9jar<\/strong><br> Secretario del H. Ayuntamiento<br><strong> C. Nicol\u00e1s Alfredo G\u00f3mez Sarabia<\/strong><br> Director General de Agua de Hermosillo <br><strong> C.P. Domingo Emilio G\u00f3mez Moreno<\/strong><br> Presidente del Consejo Consultivo de Agua de Hermosillo <br><strong> Ing. Jos\u00e9 Luis Acosta Rodr\u00edguez<\/strong><br> Director General del Organismo Cuenca Noroeste CONAGUA <br><strong> Ing. Sergio \u00c1vila Cece\u00f1a<\/strong><br> Vocal Ejecutivo de la Comisi\u00f3n Estatal del Agua <br><strong> Arq. Jos\u00e9 Eufemio Carrillo Atondo<\/strong><br> Coordinador General CIDUE <br><strong> C. Daniel S\u00e1nchez Gonz\u00e1lez<\/strong><br> Tesorero Municipal <br><strong> Ing. Sergio Adolfo Luque Santana<\/strong><br> Presidente de la Comisi\u00f3n de Asuntos del Agua <br><strong> Regidora X\u00f3chitl Guadalupe S\u00e1nchez Garc\u00eda<\/strong><br> Integrante de la Comisi\u00f3n de Asuntos del Agua <\/p>\n\n\n\n<p><strong>Lic. Norberto Larr\u00ednaga Buelna <\/strong><br> Vocal Ciudadano A de la Junta de Gobierno <br><strong> C.P. Jos\u00e9 Oth\u00f3n Ramos <\/strong><br> Vocal Ciudadano A de la Junta de Gobierno <br> <strong>Mtra. Ing. Karina L\u00f3pez Ivich <\/strong><br> Vocal Ciudadano A de la Junta de Gobierno <br> <strong>Ing. Alejandro Moreno Lauterio<\/strong><br> Vocal Ciudadano B de la Junta de Gobierno <br><strong> Ing. Fernando Guti\u00e9rrez Cohen<\/strong><br> Vocal Ciudadano B de la Junta de Gobierno <br><strong> Ing. Edgardo Cruz Mart\u00ednez<\/strong><br> Vocal Ciudadano C de la Junta de Gobierno <br><strong> Ing. Bernardo Bay Hurtado<\/strong><br> Vocal Ciudadano C de la Junta de Gobierno <br> <strong>C.P. Patricia Eugenia Arg\u00fcelles Canseco<\/strong><br> Contralora Municipal <br> <strong>C.P. Elba del Carmen Guajardo Aguayo<\/strong><br> Titular del \u00d3rgano Interno de Control de Agua de Hermosillo <br><strong> Lic. Lydia Romo Arvizu<\/strong><br> Comisaria P\u00fablica Ciudadana <br><strong> C.P. Rub\u00e9n Enrique Ortiz Tiznado<\/strong><br> Comisario P\u00fablico de Agua de Hermosillo <\/p>\n\n\n\n<figure class=\"wp-block-image\"><img fetchpriority=\"high\" decoding=\"async\" width=\"840\" height=\"560\" src=\"https:\/\/aguadehermosillo.gob.mx\/aguah\/wp-content\/uploads\/2020\/05\/IMG-20200522-WA0032-840x560.jpg\" alt=\"\" class=\"wp-image-3572\" srcset=\"https:\/\/aguadehermosillo.gob.mx\/aguah\/wp-content\/uploads\/2020\/05\/IMG-20200522-WA0032-840x560.jpg 840w, https:\/\/aguadehermosillo.gob.mx\/aguah\/wp-content\/uploads\/2020\/05\/IMG-20200522-WA0032-548x365.jpg 548w, https:\/\/aguadehermosillo.gob.mx\/aguah\/wp-content\/uploads\/2020\/05\/IMG-20200522-WA0032-768x512.jpg 768w, https:\/\/aguadehermosillo.gob.mx\/aguah\/wp-content\/uploads\/2020\/05\/IMG-20200522-WA0032.jpg 1280w\" sizes=\"(max-width: 840px) 100vw, 840px\" \/><\/figure>\n","protected":false},"excerpt":{"rendered":"<p>Relevar&aacute;n a tres de los Vocales Ciudadanos que ya completaron su periodo de funciones. Hermosillo, Son. 22 de mayo de 2020.- La Junta de Gobierno de Agua de Hermosillo recibi&oacute; a tres nuevos integrantes que formar&aacute;n parte del grupo de Vocales Ciudadanos que componen este m&aacute;ximo &oacute;rgano colegiado. Se trata del Lic. Norberto Larr&iacute;naga Buelna, del C.P. Jos&eacute; Oth&oacute;n Ramos, y de la Mtra. Ing. Karina L&oacute;pez Ivich, quienes, despu&eacute;s de rendir protesta, se incorporan oficialmente en el ejercicio formal de la toma de decisiones del organismo operador. Su inclusi&oacute;n,&hellip;<\/p>\n","protected":false},"author":11,"featured_media":3573,"comment_status":"closed","ping_status":"closed","sticky":false,"template":"","format":"standard","meta":{"footnotes":""},"categories":[1],"tags":[],"coauthors":[54],"class_list":["post-3571","post","type-post","status-publish","format-standard","has-post-thumbnail","hentry","category-boletines"],"yoast_head":"<!-- This site is optimized with the Yoast SEO plugin v27.1.1 - https:\/\/yoast.com\/product\/yoast-seo-wordpress\/ -->\n<title>Agua de Hermosillo - Bolet\u00edn 270 - Incorpora Agua de Hermosillo a nuevos integrantes de su Junta de Gobierno<\/title>\n<meta name=\"robots\" content=\"index, follow, max-snippet:-1, max-image-preview:large, max-video-preview:-1\" \/>\n<link rel=\"canonical\" href=\"https:\/\/aguadehermosillo.gob.mx\/aguah\/2020\/05\/22\/boletin-270-20200522\/\" \/>\n<meta property=\"og:locale\" content=\"es_MX\" \/>\n<meta property=\"og:type\" content=\"article\" \/>\n<meta property=\"og:title\" content=\"Agua de Hermosillo - Bolet\u00edn 270 - Incorpora Agua de Hermosillo a nuevos integrantes de su Junta de Gobierno\" \/>\n<meta property=\"og:description\" content=\"Relevar&aacute;n a tres de los Vocales Ciudadanos que ya completaron su periodo de funciones. Hermosillo, Son. 22 de mayo de 2020.- La Junta de Gobierno de Agua de Hermosillo recibi&oacute; a tres nuevos integrantes que formar&aacute;n parte del grupo de Vocales Ciudadanos que componen este m&aacute;ximo &oacute;rgano colegiado. Se trata del Lic. Norberto Larr&iacute;naga Buelna, del C.P. Jos&eacute; Oth&oacute;n Ramos, y de la Mtra. Ing. Karina L&oacute;pez Ivich, quienes, despu&eacute;s de rendir protesta, se incorporan oficialmente en el ejercicio formal de la toma de decisiones del organismo operador. Su inclusi&oacute;n,&hellip;\" \/>\n<meta property=\"og:url\" content=\"https:\/\/aguadehermosillo.gob.mx\/aguah\/2020\/05\/22\/boletin-270-20200522\/\" \/>\n<meta property=\"og:site_name\" content=\"Agua de Hermosillo\" \/>\n<meta property=\"article:publisher\" content=\"https:\/\/facebook.com\/AguahdeHermosillo\" \/>\n<meta property=\"article:published_time\" content=\"2020-05-23T02:49:34+00:00\" \/>\n<meta property=\"article:modified_time\" content=\"2020-05-23T04:14:24+00:00\" \/>\n<meta property=\"og:image\" content=\"https:\/\/aguadehermosillo.gob.mx\/aguah\/wp-content\/uploads\/2020\/05\/IMG-20200522-WA0031.jpg\" \/>\n\t<meta property=\"og:image:width\" content=\"1230\" \/>\n\t<meta property=\"og:image:height\" content=\"812\" \/>\n\t<meta property=\"og:image:type\" content=\"image\/jpeg\" \/>\n<meta name=\"author\" content=\"Fernanda Rodriguez\" \/>\n<meta name=\"twitter:card\" content=\"summary_large_image\" \/>\n<meta name=\"twitter:creator\" content=\"@aguahermosillo\" \/>\n<meta name=\"twitter:site\" content=\"@aguahermosillo\" \/>\n<meta name=\"twitter:label1\" content=\"Escrito por\" \/>\n\t<meta name=\"twitter:data1\" content=\"Fernanda Rodriguez\" \/>\n\t<meta name=\"twitter:label2\" content=\"Tiempo de lectura\" \/>\n\t<meta name=\"twitter:data2\" content=\"3 minutos\" \/>\n\t<meta name=\"twitter:label3\" content=\"Written by\" \/>\n\t<meta name=\"twitter:data3\" content=\"Fernanda Rodriguez\" \/>\n<script type=\"application\/ld+json\" class=\"yoast-schema-graph\">{\"@context\":\"https:\/\/schema.org\",\"@graph\":[{\"@type\":\"Article\",\"@id\":\"https:\/\/aguadehermosillo.gob.mx\/aguah\/2020\/05\/22\/boletin-270-20200522\/#article\",\"isPartOf\":{\"@id\":\"https:\/\/aguadehermosillo.gob.mx\/aguah\/2020\/05\/22\/boletin-270-20200522\/\"},\"author\":{\"name\":\"Fernanda Rodriguez\",\"@id\":\"https:\/\/aguadehermosillo.gob.mx\/aguah\/#\/schema\/person\/b5cb9f8bda43b94a15cff0bb2854f82c\"},\"headline\":\"Bolet\u00edn 270 &#8211; Incorpora Agua de Hermosillo a nuevos integrantes de su Junta de Gobierno\",\"datePublished\":\"2020-05-23T02:49:34+00:00\",\"dateModified\":\"2020-05-23T04:14:24+00:00\",\"mainEntityOfPage\":{\"@id\":\"https:\/\/aguadehermosillo.gob.mx\/aguah\/2020\/05\/22\/boletin-270-20200522\/\"},\"wordCount\":660,\"publisher\":{\"@id\":\"https:\/\/aguadehermosillo.gob.mx\/aguah\/#organization\"},\"image\":{\"@id\":\"https:\/\/aguadehermosillo.gob.mx\/aguah\/2020\/05\/22\/boletin-270-20200522\/#primaryimage\"},\"thumbnailUrl\":\"https:\/\/aguadehermosillo.gob.mx\/aguah\/wp-content\/uploads\/2020\/05\/IMG-20200522-WA0031.jpg\",\"articleSection\":[\"Boletines\"],\"inLanguage\":\"es\"},{\"@type\":\"WebPage\",\"@id\":\"https:\/\/aguadehermosillo.gob.mx\/aguah\/2020\/05\/22\/boletin-270-20200522\/\",\"url\":\"https:\/\/aguadehermosillo.gob.mx\/aguah\/2020\/05\/22\/boletin-270-20200522\/\",\"name\":\"Agua de Hermosillo - Bolet\u00edn 270 - Incorpora Agua de Hermosillo a nuevos integrantes de su Junta de Gobierno\",\"isPartOf\":{\"@id\":\"https:\/\/aguadehermosillo.gob.mx\/aguah\/#website\"},\"primaryImageOfPage\":{\"@id\":\"https:\/\/aguadehermosillo.gob.mx\/aguah\/2020\/05\/22\/boletin-270-20200522\/#primaryimage\"},\"image\":{\"@id\":\"https:\/\/aguadehermosillo.gob.mx\/aguah\/2020\/05\/22\/boletin-270-20200522\/#primaryimage\"},\"thumbnailUrl\":\"https:\/\/aguadehermosillo.gob.mx\/aguah\/wp-content\/uploads\/2020\/05\/IMG-20200522-WA0031.jpg\",\"datePublished\":\"2020-05-23T02:49:34+00:00\",\"dateModified\":\"2020-05-23T04:14:24+00:00\",\"breadcrumb\":{\"@id\":\"https:\/\/aguadehermosillo.gob.mx\/aguah\/2020\/05\/22\/boletin-270-20200522\/#breadcrumb\"},\"inLanguage\":\"es\",\"potentialAction\":[{\"@type\":\"ReadAction\",\"target\":[\"https:\/\/aguadehermosillo.gob.mx\/aguah\/2020\/05\/22\/boletin-270-20200522\/\"]}]},{\"@type\":\"ImageObject\",\"inLanguage\":\"es\",\"@id\":\"https:\/\/aguadehermosillo.gob.mx\/aguah\/2020\/05\/22\/boletin-270-20200522\/#primaryimage\",\"url\":\"https:\/\/aguadehermosillo.gob.mx\/aguah\/wp-content\/uploads\/2020\/05\/IMG-20200522-WA0031.jpg\",\"contentUrl\":\"https:\/\/aguadehermosillo.gob.mx\/aguah\/wp-content\/uploads\/2020\/05\/IMG-20200522-WA0031.jpg\",\"width\":1230,\"height\":812},{\"@type\":\"BreadcrumbList\",\"@id\":\"https:\/\/aguadehermosillo.gob.mx\/aguah\/2020\/05\/22\/boletin-270-20200522\/#breadcrumb\",\"itemListElement\":[{\"@type\":\"ListItem\",\"position\":1,\"name\":\"Inicio\",\"item\":\"https:\/\/aguadehermosillo.gob.mx\/aguah\/\"},{\"@type\":\"ListItem\",\"position\":2,\"name\":\"Bolet\u00edn 270 &#8211; Incorpora Agua de Hermosillo a nuevos integrantes de su Junta de Gobierno\"}]},{\"@type\":\"WebSite\",\"@id\":\"https:\/\/aguadehermosillo.gob.mx\/aguah\/#website\",\"url\":\"https:\/\/aguadehermosillo.gob.mx\/aguah\/\",\"name\":\"Agua de Hermosillo\",\"description\":\"Organismo operador de Agua potable, drenaje, alcantarillado, tratamiento y disposici\u00f3n de aguas residuales del municipio Hermosillo y zonas rurales aleda\u00f1as\",\"publisher\":{\"@id\":\"https:\/\/aguadehermosillo.gob.mx\/aguah\/#organization\"},\"potentialAction\":[{\"@type\":\"SearchAction\",\"target\":{\"@type\":\"EntryPoint\",\"urlTemplate\":\"https:\/\/aguadehermosillo.gob.mx\/aguah\/?s={search_term_string}\"},\"query-input\":{\"@type\":\"PropertyValueSpecification\",\"valueRequired\":true,\"valueName\":\"search_term_string\"}}],\"inLanguage\":\"es\"},{\"@type\":\"Organization\",\"@id\":\"https:\/\/aguadehermosillo.gob.mx\/aguah\/#organization\",\"name\":\"Agua de Hermosillo\",\"url\":\"https:\/\/aguadehermosillo.gob.mx\/aguah\/\",\"logo\":{\"@type\":\"ImageObject\",\"inLanguage\":\"es\",\"@id\":\"https:\/\/aguadehermosillo.gob.mx\/aguah\/#\/schema\/logo\/image\/\",\"url\":\"https:\/\/aguadehermosillo.gob.mx\/aguah\/wp-content\/uploads\/2019\/05\/AguaH.png\",\"contentUrl\":\"https:\/\/aguadehermosillo.gob.mx\/aguah\/wp-content\/uploads\/2019\/05\/AguaH.png\",\"width\":1920,\"height\":1080,\"caption\":\"Agua de Hermosillo\"},\"image\":{\"@id\":\"https:\/\/aguadehermosillo.gob.mx\/aguah\/#\/schema\/logo\/image\/\"},\"sameAs\":[\"https:\/\/facebook.com\/AguahdeHermosillo\",\"https:\/\/x.com\/aguahermosillo\"]},{\"@type\":\"Person\",\"@id\":\"https:\/\/aguadehermosillo.gob.mx\/aguah\/#\/schema\/person\/b5cb9f8bda43b94a15cff0bb2854f82c\",\"name\":\"Fernanda Rodriguez\",\"image\":{\"@type\":\"ImageObject\",\"inLanguage\":\"es\",\"@id\":\"https:\/\/aguadehermosillo.gob.mx\/aguah\/#\/schema\/person\/image\/f1089a2a663e42a1bf4a8a0becf55e19\",\"url\":\"https:\/\/secure.gravatar.com\/avatar\/5577934625455c849eb29550f3322c1bef9bafa817e68e4bcadba255529467b5?s=96&d=mm&r=g\",\"contentUrl\":\"https:\/\/secure.gravatar.com\/avatar\/5577934625455c849eb29550f3322c1bef9bafa817e68e4bcadba255529467b5?s=96&d=mm&r=g\",\"caption\":\"Fernanda Rodriguez\"}}]}<\/script>\n<!-- \/ Yoast SEO plugin. -->","yoast_head_json":{"title":"Agua de Hermosillo - Bolet\u00edn 270 - Incorpora Agua de Hermosillo a nuevos integrantes de su Junta de Gobierno","robots":{"index":"index","follow":"follow","max-snippet":"max-snippet:-1","max-image-preview":"max-image-preview:large","max-video-preview":"max-video-preview:-1"},"canonical":"https:\/\/aguadehermosillo.gob.mx\/aguah\/2020\/05\/22\/boletin-270-20200522\/","og_locale":"es_MX","og_type":"article","og_title":"Agua de Hermosillo - Bolet\u00edn 270 - Incorpora Agua de Hermosillo a nuevos integrantes de su Junta de Gobierno","og_description":"Relevar&aacute;n a tres de los Vocales Ciudadanos que ya completaron su periodo de funciones. Hermosillo, Son. 22 de mayo de 2020.- La Junta de Gobierno de Agua de Hermosillo recibi&oacute; a tres nuevos integrantes que formar&aacute;n parte del grupo de Vocales Ciudadanos que componen este m&aacute;ximo &oacute;rgano colegiado. Se trata del Lic. Norberto Larr&iacute;naga Buelna, del C.P. Jos&eacute; Oth&oacute;n Ramos, y de la Mtra. Ing. Karina L&oacute;pez Ivich, quienes, despu&eacute;s de rendir protesta, se incorporan oficialmente en el ejercicio formal de la toma de decisiones del organismo operador. Su inclusi&oacute;n,&hellip;","og_url":"https:\/\/aguadehermosillo.gob.mx\/aguah\/2020\/05\/22\/boletin-270-20200522\/","og_site_name":"Agua de Hermosillo","article_publisher":"https:\/\/facebook.com\/AguahdeHermosillo","article_published_time":"2020-05-23T02:49:34+00:00","article_modified_time":"2020-05-23T04:14:24+00:00","og_image":[{"width":1230,"height":812,"url":"https:\/\/aguadehermosillo.gob.mx\/aguah\/wp-content\/uploads\/2020\/05\/IMG-20200522-WA0031.jpg","type":"image\/jpeg"}],"author":"Fernanda Rodriguez","twitter_card":"summary_large_image","twitter_creator":"@aguahermosillo","twitter_site":"@aguahermosillo","twitter_misc":{"Escrito por":"Fernanda Rodriguez","Tiempo de lectura":"3 minutos","Written by":"Fernanda Rodriguez"},"schema":{"@context":"https:\/\/schema.org","@graph":[{"@type":"Article","@id":"https:\/\/aguadehermosillo.gob.mx\/aguah\/2020\/05\/22\/boletin-270-20200522\/#article","isPartOf":{"@id":"https:\/\/aguadehermosillo.gob.mx\/aguah\/2020\/05\/22\/boletin-270-20200522\/"},"author":{"name":"Fernanda Rodriguez","@id":"https:\/\/aguadehermosillo.gob.mx\/aguah\/#\/schema\/person\/b5cb9f8bda43b94a15cff0bb2854f82c"},"headline":"Bolet\u00edn 270 &#8211; Incorpora Agua de Hermosillo a nuevos integrantes de su Junta de Gobierno","datePublished":"2020-05-23T02:49:34+00:00","dateModified":"2020-05-23T04:14:24+00:00","mainEntityOfPage":{"@id":"https:\/\/aguadehermosillo.gob.mx\/aguah\/2020\/05\/22\/boletin-270-20200522\/"},"wordCount":660,"publisher":{"@id":"https:\/\/aguadehermosillo.gob.mx\/aguah\/#organization"},"image":{"@id":"https:\/\/aguadehermosillo.gob.mx\/aguah\/2020\/05\/22\/boletin-270-20200522\/#primaryimage"},"thumbnailUrl":"https:\/\/aguadehermosillo.gob.mx\/aguah\/wp-content\/uploads\/2020\/05\/IMG-20200522-WA0031.jpg","articleSection":["Boletines"],"inLanguage":"es"},{"@type":"WebPage","@id":"https:\/\/aguadehermosillo.gob.mx\/aguah\/2020\/05\/22\/boletin-270-20200522\/","url":"https:\/\/aguadehermosillo.gob.mx\/aguah\/2020\/05\/22\/boletin-270-20200522\/","name":"Agua de Hermosillo - Bolet\u00edn 270 - Incorpora Agua de Hermosillo a nuevos integrantes de su Junta de Gobierno","isPartOf":{"@id":"https:\/\/aguadehermosillo.gob.mx\/aguah\/#website"},"primaryImageOfPage":{"@id":"https:\/\/aguadehermosillo.gob.mx\/aguah\/2020\/05\/22\/boletin-270-20200522\/#primaryimage"},"image":{"@id":"https:\/\/aguadehermosillo.gob.mx\/aguah\/2020\/05\/22\/boletin-270-20200522\/#primaryimage"},"thumbnailUrl":"https:\/\/aguadehermosillo.gob.mx\/aguah\/wp-content\/uploads\/2020\/05\/IMG-20200522-WA0031.jpg","datePublished":"2020-05-23T02:49:34+00:00","dateModified":"2020-05-23T04:14:24+00:00","breadcrumb":{"@id":"https:\/\/aguadehermosillo.gob.mx\/aguah\/2020\/05\/22\/boletin-270-20200522\/#breadcrumb"},"inLanguage":"es","potentialAction":[{"@type":"ReadAction","target":["https:\/\/aguadehermosillo.gob.mx\/aguah\/2020\/05\/22\/boletin-270-20200522\/"]}]},{"@type":"ImageObject","inLanguage":"es","@id":"https:\/\/aguadehermosillo.gob.mx\/aguah\/2020\/05\/22\/boletin-270-20200522\/#primaryimage","url":"https:\/\/aguadehermosillo.gob.mx\/aguah\/wp-content\/uploads\/2020\/05\/IMG-20200522-WA0031.jpg","contentUrl":"https:\/\/aguadehermosillo.gob.mx\/aguah\/wp-content\/uploads\/2020\/05\/IMG-20200522-WA0031.jpg","width":1230,"height":812},{"@type":"BreadcrumbList","@id":"https:\/\/aguadehermosillo.gob.mx\/aguah\/2020\/05\/22\/boletin-270-20200522\/#breadcrumb","itemListElement":[{"@type":"ListItem","position":1,"name":"Inicio","item":"https:\/\/aguadehermosillo.gob.mx\/aguah\/"},{"@type":"ListItem","position":2,"name":"Bolet\u00edn 270 &#8211; Incorpora Agua de Hermosillo a nuevos integrantes de su Junta de Gobierno"}]},{"@type":"WebSite","@id":"https:\/\/aguadehermosillo.gob.mx\/aguah\/#website","url":"https:\/\/aguadehermosillo.gob.mx\/aguah\/","name":"Agua de Hermosillo","description":"Organismo operador de Agua potable, drenaje, alcantarillado, tratamiento y disposici\u00f3n de aguas residuales del municipio Hermosillo y zonas rurales aleda\u00f1as","publisher":{"@id":"https:\/\/aguadehermosillo.gob.mx\/aguah\/#organization"},"potentialAction":[{"@type":"SearchAction","target":{"@type":"EntryPoint","urlTemplate":"https:\/\/aguadehermosillo.gob.mx\/aguah\/?s={search_term_string}"},"query-input":{"@type":"PropertyValueSpecification","valueRequired":true,"valueName":"search_term_string"}}],"inLanguage":"es"},{"@type":"Organization","@id":"https:\/\/aguadehermosillo.gob.mx\/aguah\/#organization","name":"Agua de Hermosillo","url":"https:\/\/aguadehermosillo.gob.mx\/aguah\/","logo":{"@type":"ImageObject","inLanguage":"es","@id":"https:\/\/aguadehermosillo.gob.mx\/aguah\/#\/schema\/logo\/image\/","url":"https:\/\/aguadehermosillo.gob.mx\/aguah\/wp-content\/uploads\/2019\/05\/AguaH.png","contentUrl":"https:\/\/aguadehermosillo.gob.mx\/aguah\/wp-content\/uploads\/2019\/05\/AguaH.png","width":1920,"height":1080,"caption":"Agua de Hermosillo"},"image":{"@id":"https:\/\/aguadehermosillo.gob.mx\/aguah\/#\/schema\/logo\/image\/"},"sameAs":["https:\/\/facebook.com\/AguahdeHermosillo","https:\/\/x.com\/aguahermosillo"]},{"@type":"Person","@id":"https:\/\/aguadehermosillo.gob.mx\/aguah\/#\/schema\/person\/b5cb9f8bda43b94a15cff0bb2854f82c","name":"Fernanda Rodriguez","image":{"@type":"ImageObject","inLanguage":"es","@id":"https:\/\/aguadehermosillo.gob.mx\/aguah\/#\/schema\/person\/image\/f1089a2a663e42a1bf4a8a0becf55e19","url":"https:\/\/secure.gravatar.com\/avatar\/5577934625455c849eb29550f3322c1bef9bafa817e68e4bcadba255529467b5?s=96&d=mm&r=g","contentUrl":"https:\/\/secure.gravatar.com\/avatar\/5577934625455c849eb29550f3322c1bef9bafa817e68e4bcadba255529467b5?s=96&d=mm&r=g","caption":"Fernanda Rodriguez"}}]}},"_links":{"self":[{"href":"https:\/\/aguadehermosillo.gob.mx\/aguah\/wp-json\/wp\/v2\/posts\/3571","targetHints":{"allow":["GET"]}}],"collection":[{"href":"https:\/\/aguadehermosillo.gob.mx\/aguah\/wp-json\/wp\/v2\/posts"}],"about":[{"href":"https:\/\/aguadehermosillo.gob.mx\/aguah\/wp-json\/wp\/v2\/types\/post"}],"author":[{"embeddable":true,"href":"https:\/\/aguadehermosillo.gob.mx\/aguah\/wp-json\/wp\/v2\/users\/11"}],"replies":[{"embeddable":true,"href":"https:\/\/aguadehermosillo.gob.mx\/aguah\/wp-json\/wp\/v2\/comments?post=3571"}],"version-history":[{"count":4,"href":"https:\/\/aguadehermosillo.gob.mx\/aguah\/wp-json\/wp\/v2\/posts\/3571\/revisions"}],"predecessor-version":[{"id":3586,"href":"https:\/\/aguadehermosillo.gob.mx\/aguah\/wp-json\/wp\/v2\/posts\/3571\/revisions\/3586"}],"wp:featuredmedia":[{"embeddable":true,"href":"https:\/\/aguadehermosillo.gob.mx\/aguah\/wp-json\/wp\/v2\/media\/3573"}],"wp:attachment":[{"href":"https:\/\/aguadehermosillo.gob.mx\/aguah\/wp-json\/wp\/v2\/media?parent=3571"}],"wp:term":[{"taxonomy":"category","embeddable":true,"href":"https:\/\/aguadehermosillo.gob.mx\/aguah\/wp-json\/wp\/v2\/categories?post=3571"},{"taxonomy":"post_tag","embeddable":true,"href":"https:\/\/aguadehermosillo.gob.mx\/aguah\/wp-json\/wp\/v2\/tags?post=3571"},{"taxonomy":"author","embeddable":true,"href":"https:\/\/aguadehermosillo.gob.mx\/aguah\/wp-json\/wp\/v2\/coauthors?post=3571"}],"curies":[{"name":"wp","href":"https:\/\/api.w.org\/{rel}","templated":true}]}}