{"id":5040,"date":"2021-08-01T20:50:58","date_gmt":"2021-08-02T03:50:58","guid":{"rendered":"http:\/\/aguadehermosillo.gob.mx\/aguah\/?p=5040"},"modified":"2021-08-01T21:24:49","modified_gmt":"2021-08-02T04:24:49","slug":"boletin-406-20210801","status":"publish","type":"post","link":"https:\/\/aguadehermosillo.gob.mx\/aguah\/2021\/08\/01\/boletin-406-20210801\/","title":{"rendered":"Bolet\u00edn 406 &#8211; Corte el\u00e9ctrico programado de CFE en Acueducto Independencia afectar\u00e1 suministro de agua"},"content":{"rendered":"\n<p><strong>Los d\u00edas 4 y 6 de agosto realizar\u00e1n trabajos del programa de mantenimiento en la subestaci\u00f3n Novillo; provocar\u00e1 desabasto y bajas presiones en colonias del sur de Hermosillo. <\/strong><\/p>\n\n\n\n<p>Hermosillo, Son. 01 de agosto de 2021.- A partir del pr\u00f3ximo mi\u00e9rcoles 4 de agosto, todas las colonias ubicadas desde Paseo del R\u00edo (Vado de R\u00edo) hacia el sur de la ciudad registrar\u00e1n afectaci\u00f3n en el servicio de agua potable, debido a dos cortes de energ\u00eda programados en el Acueducto Independencia por parte de la Comisi\u00f3n Federal de Electricidad (CFE) que forman parte de su programa de mantenimiento y mejoras a la infraestructura el\u00e9ctrica. <\/p>\n\n\n\n<p>Estos cortes el\u00e9ctricos previstos para los d\u00edas 4 y 6 de agosto en la subestaci\u00f3n Novillo, y que tendr\u00e1n 3 horas de duraci\u00f3n cada uno, se traducir\u00e1n en desabasto y bajas presiones para todos los usuarios que habitan en el sur de la capital sonorense. <\/p>\n\n\n\n<p>Herman Valenzuela Salas, Coordinador Operativo de Agua de Hermosillo, explic\u00f3 que este aviso fue dado a conocer a la Comisi\u00f3n Estatal del Agua, administradores del Acueducto Independencia, a trav\u00e9s de Miguel \u00c1ngel Gamez Monta\u00f1o, encargado del Departamento Comercial Zona Hermosillo y apoderado legal de CFE Suministrador de Servicios B\u00e1sicos. <\/p>\n\n\n\n<p>En el comunicado, el funcionario federal expone que \u201cse interrumpir\u00e1 el suministro de energ\u00eda el\u00e9ctrica por la realizaci\u00f3n de trabajos de mantenimiento preventivo y mejoras en la Red General de Distribuci\u00f3n\u201d. <\/p>\n\n\n\n<p>Valenzuela Salas agreg\u00f3 que los cortes el\u00e9ctricos que se aplicar\u00e1n de 8:00am a 11:00am van a impactar el servicio los d\u00edas 4, 5, 6 y 7 de agosto, debido a que la recuperaci\u00f3n en las l\u00edneas de distribuci\u00f3n ser\u00e1 lenta por motivos de los altos consumos de agua potable que se generan durante la temporada de calor. <\/p>\n\n\n\n<p>\u201cQueremos exhortar a todos los usuarios que viven en el sur de Hermosillo para que tomen todas las precauciones debidas ante esta situaci\u00f3n. Es importante que hagan resguardo de agua en tinacos, cisternas y recipientes limpios que les permitan sobrellevar las necesidades del vital l\u00edquido por los d\u00edas en los que experimentaremos deficiencias en el servicio, provocadas por el corte el\u00e9ctrico programado por la CFE\u201d, dijo.<\/p>\n\n\n\n<p>El Coordinador de Operaciones de Agua de Hermosillo agreg\u00f3 que aunque el organismo implementar\u00e1 un programa de redireccionamiento para tratar de aminorar la afectaci\u00f3n, es importante tomar en cuenta que el servicio podr\u00eda empezar a normalizarse a partir del d\u00eda domingo 8.<\/p>\n\n\n\n<figure class=\"wp-block-image\"><img fetchpriority=\"high\" decoding=\"async\" width=\"840\" height=\"398\" src=\"https:\/\/aguadehermosillo.gob.mx\/aguah\/wp-content\/uploads\/2021\/08\/IMG-20210801-WA0007-840x398.jpg\" alt=\"\" class=\"wp-image-5042\" srcset=\"https:\/\/aguadehermosillo.gob.mx\/aguah\/wp-content\/uploads\/2021\/08\/IMG-20210801-WA0007-840x398.jpg 840w, https:\/\/aguadehermosillo.gob.mx\/aguah\/wp-content\/uploads\/2021\/08\/IMG-20210801-WA0007-660x313.jpg 660w, https:\/\/aguadehermosillo.gob.mx\/aguah\/wp-content\/uploads\/2021\/08\/IMG-20210801-WA0007-768x364.jpg 768w, https:\/\/aguadehermosillo.gob.mx\/aguah\/wp-content\/uploads\/2021\/08\/IMG-20210801-WA0007.jpg 1280w\" sizes=\"(max-width: 840px) 100vw, 840px\" \/><\/figure>\n","protected":false},"excerpt":{"rendered":"<p>Los d\u00edas 4 y 6 de agosto realizar\u00e1n trabajos del programa de mantenimiento en la subestaci\u00f3n Novillo; provocar\u00e1 desabasto y bajas presiones en colonias del sur de Hermosillo. <\/p>\n","protected":false},"author":11,"featured_media":5041,"comment_status":"closed","ping_status":"closed","sticky":false,"template":"","format":"standard","meta":{"footnotes":""},"categories":[1],"tags":[],"coauthors":[54],"class_list":["post-5040","post","type-post","status-publish","format-standard","has-post-thumbnail","hentry","category-boletines"],"yoast_head":"<!-- This site is optimized with the Yoast SEO plugin v27.5 - https:\/\/yoast.com\/product\/yoast-seo-wordpress\/ -->\n<title>Agua de Hermosillo - Bolet\u00edn 406 - Corte el\u00e9ctrico programado de CFE en Acueducto Independencia afectar\u00e1 suministro de agua<\/title>\n<meta name=\"robots\" content=\"index, follow, max-snippet:-1, max-image-preview:large, max-video-preview:-1\" \/>\n<link rel=\"canonical\" href=\"https:\/\/aguadehermosillo.gob.mx\/aguah\/2021\/08\/01\/boletin-406-20210801\/\" \/>\n<meta property=\"og:locale\" content=\"es_MX\" \/>\n<meta property=\"og:type\" content=\"article\" \/>\n<meta property=\"og:title\" content=\"Agua de Hermosillo - Bolet\u00edn 406 - Corte el\u00e9ctrico programado de CFE en Acueducto Independencia afectar\u00e1 suministro de agua\" \/>\n<meta property=\"og:description\" content=\"Los d\u00edas 4 y 6 de agosto realizar\u00e1n trabajos del programa de mantenimiento en la subestaci\u00f3n Novillo; provocar\u00e1 desabasto y bajas presiones en colonias del sur de Hermosillo.\" \/>\n<meta property=\"og:url\" content=\"https:\/\/aguadehermosillo.gob.mx\/aguah\/2021\/08\/01\/boletin-406-20210801\/\" \/>\n<meta property=\"og:site_name\" content=\"Agua de Hermosillo\" \/>\n<meta property=\"article:publisher\" content=\"https:\/\/facebook.com\/AguahdeHermosillo\" \/>\n<meta property=\"article:published_time\" content=\"2021-08-02T03:50:58+00:00\" \/>\n<meta property=\"article:modified_time\" content=\"2021-08-02T04:24:49+00:00\" \/>\n<meta property=\"og:image\" content=\"https:\/\/aguadehermosillo.gob.mx\/aguah\/wp-content\/uploads\/2021\/08\/IMG-20210801-WA0006.jpg\" \/>\n\t<meta property=\"og:image:width\" content=\"1280\" \/>\n\t<meta property=\"og:image:height\" content=\"654\" \/>\n\t<meta property=\"og:image:type\" content=\"image\/jpeg\" \/>\n<meta name=\"author\" content=\"Fernanda Rodriguez\" \/>\n<meta name=\"twitter:card\" content=\"summary_large_image\" \/>\n<meta name=\"twitter:creator\" content=\"@aguahermosillo\" \/>\n<meta name=\"twitter:site\" content=\"@aguahermosillo\" \/>\n<meta name=\"twitter:label1\" content=\"Escrito por\" \/>\n\t<meta name=\"twitter:data1\" content=\"Fernanda Rodriguez\" \/>\n\t<meta name=\"twitter:label2\" content=\"Tiempo de lectura\" \/>\n\t<meta name=\"twitter:data2\" content=\"2 minutos\" \/>\n\t<meta name=\"twitter:label3\" content=\"Written by\" \/>\n\t<meta name=\"twitter:data3\" content=\"Fernanda Rodriguez\" \/>\n<script type=\"application\/ld+json\" class=\"yoast-schema-graph\">{\"@context\":\"https:\\\/\\\/schema.org\",\"@graph\":[{\"@type\":\"Article\",\"@id\":\"https:\\\/\\\/aguadehermosillo.gob.mx\\\/aguah\\\/2021\\\/08\\\/01\\\/boletin-406-20210801\\\/#article\",\"isPartOf\":{\"@id\":\"https:\\\/\\\/aguadehermosillo.gob.mx\\\/aguah\\\/2021\\\/08\\\/01\\\/boletin-406-20210801\\\/\"},\"author\":{\"name\":\"Fernanda Rodriguez\",\"@id\":\"https:\\\/\\\/aguadehermosillo.gob.mx\\\/aguah\\\/#\\\/schema\\\/person\\\/b5cb9f8bda43b94a15cff0bb2854f82c\"},\"headline\":\"Bolet\u00edn 406 &#8211; Corte el\u00e9ctrico programado de CFE en Acueducto Independencia afectar\u00e1 suministro de agua\",\"datePublished\":\"2021-08-02T03:50:58+00:00\",\"dateModified\":\"2021-08-02T04:24:49+00:00\",\"mainEntityOfPage\":{\"@id\":\"https:\\\/\\\/aguadehermosillo.gob.mx\\\/aguah\\\/2021\\\/08\\\/01\\\/boletin-406-20210801\\\/\"},\"wordCount\":435,\"publisher\":{\"@id\":\"https:\\\/\\\/aguadehermosillo.gob.mx\\\/aguah\\\/#organization\"},\"image\":{\"@id\":\"https:\\\/\\\/aguadehermosillo.gob.mx\\\/aguah\\\/2021\\\/08\\\/01\\\/boletin-406-20210801\\\/#primaryimage\"},\"thumbnailUrl\":\"https:\\\/\\\/aguadehermosillo.gob.mx\\\/aguah\\\/wp-content\\\/uploads\\\/2021\\\/08\\\/IMG-20210801-WA0006.jpg\",\"articleSection\":[\"Boletines\"],\"inLanguage\":\"es\"},{\"@type\":\"WebPage\",\"@id\":\"https:\\\/\\\/aguadehermosillo.gob.mx\\\/aguah\\\/2021\\\/08\\\/01\\\/boletin-406-20210801\\\/\",\"url\":\"https:\\\/\\\/aguadehermosillo.gob.mx\\\/aguah\\\/2021\\\/08\\\/01\\\/boletin-406-20210801\\\/\",\"name\":\"Agua de Hermosillo - Bolet\u00edn 406 - Corte el\u00e9ctrico programado de CFE en Acueducto Independencia afectar\u00e1 suministro de agua\",\"isPartOf\":{\"@id\":\"https:\\\/\\\/aguadehermosillo.gob.mx\\\/aguah\\\/#website\"},\"primaryImageOfPage\":{\"@id\":\"https:\\\/\\\/aguadehermosillo.gob.mx\\\/aguah\\\/2021\\\/08\\\/01\\\/boletin-406-20210801\\\/#primaryimage\"},\"image\":{\"@id\":\"https:\\\/\\\/aguadehermosillo.gob.mx\\\/aguah\\\/2021\\\/08\\\/01\\\/boletin-406-20210801\\\/#primaryimage\"},\"thumbnailUrl\":\"https:\\\/\\\/aguadehermosillo.gob.mx\\\/aguah\\\/wp-content\\\/uploads\\\/2021\\\/08\\\/IMG-20210801-WA0006.jpg\",\"datePublished\":\"2021-08-02T03:50:58+00:00\",\"dateModified\":\"2021-08-02T04:24:49+00:00\",\"breadcrumb\":{\"@id\":\"https:\\\/\\\/aguadehermosillo.gob.mx\\\/aguah\\\/2021\\\/08\\\/01\\\/boletin-406-20210801\\\/#breadcrumb\"},\"inLanguage\":\"es\",\"potentialAction\":[{\"@type\":\"ReadAction\",\"target\":[\"https:\\\/\\\/aguadehermosillo.gob.mx\\\/aguah\\\/2021\\\/08\\\/01\\\/boletin-406-20210801\\\/\"]}]},{\"@type\":\"ImageObject\",\"inLanguage\":\"es\",\"@id\":\"https:\\\/\\\/aguadehermosillo.gob.mx\\\/aguah\\\/2021\\\/08\\\/01\\\/boletin-406-20210801\\\/#primaryimage\",\"url\":\"https:\\\/\\\/aguadehermosillo.gob.mx\\\/aguah\\\/wp-content\\\/uploads\\\/2021\\\/08\\\/IMG-20210801-WA0006.jpg\",\"contentUrl\":\"https:\\\/\\\/aguadehermosillo.gob.mx\\\/aguah\\\/wp-content\\\/uploads\\\/2021\\\/08\\\/IMG-20210801-WA0006.jpg\",\"width\":1280,\"height\":654},{\"@type\":\"BreadcrumbList\",\"@id\":\"https:\\\/\\\/aguadehermosillo.gob.mx\\\/aguah\\\/2021\\\/08\\\/01\\\/boletin-406-20210801\\\/#breadcrumb\",\"itemListElement\":[{\"@type\":\"ListItem\",\"position\":1,\"name\":\"Inicio\",\"item\":\"https:\\\/\\\/aguadehermosillo.gob.mx\\\/aguah\\\/\"},{\"@type\":\"ListItem\",\"position\":2,\"name\":\"Bolet\u00edn 406 &#8211; Corte el\u00e9ctrico programado de CFE en Acueducto Independencia afectar\u00e1 suministro de agua\"}]},{\"@type\":\"WebSite\",\"@id\":\"https:\\\/\\\/aguadehermosillo.gob.mx\\\/aguah\\\/#website\",\"url\":\"https:\\\/\\\/aguadehermosillo.gob.mx\\\/aguah\\\/\",\"name\":\"Agua de Hermosillo\",\"description\":\"Organismo operador de Agua potable, drenaje, alcantarillado, tratamiento y disposici\u00f3n de aguas residuales del municipio Hermosillo y zonas rurales aleda\u00f1as\",\"publisher\":{\"@id\":\"https:\\\/\\\/aguadehermosillo.gob.mx\\\/aguah\\\/#organization\"},\"potentialAction\":[{\"@type\":\"SearchAction\",\"target\":{\"@type\":\"EntryPoint\",\"urlTemplate\":\"https:\\\/\\\/aguadehermosillo.gob.mx\\\/aguah\\\/?s={search_term_string}\"},\"query-input\":{\"@type\":\"PropertyValueSpecification\",\"valueRequired\":true,\"valueName\":\"search_term_string\"}}],\"inLanguage\":\"es\"},{\"@type\":\"Organization\",\"@id\":\"https:\\\/\\\/aguadehermosillo.gob.mx\\\/aguah\\\/#organization\",\"name\":\"Agua de Hermosillo\",\"url\":\"https:\\\/\\\/aguadehermosillo.gob.mx\\\/aguah\\\/\",\"logo\":{\"@type\":\"ImageObject\",\"inLanguage\":\"es\",\"@id\":\"https:\\\/\\\/aguadehermosillo.gob.mx\\\/aguah\\\/#\\\/schema\\\/logo\\\/image\\\/\",\"url\":\"https:\\\/\\\/aguadehermosillo.gob.mx\\\/aguah\\\/wp-content\\\/uploads\\\/2019\\\/05\\\/AguaH.png\",\"contentUrl\":\"https:\\\/\\\/aguadehermosillo.gob.mx\\\/aguah\\\/wp-content\\\/uploads\\\/2019\\\/05\\\/AguaH.png\",\"width\":1920,\"height\":1080,\"caption\":\"Agua de Hermosillo\"},\"image\":{\"@id\":\"https:\\\/\\\/aguadehermosillo.gob.mx\\\/aguah\\\/#\\\/schema\\\/logo\\\/image\\\/\"},\"sameAs\":[\"https:\\\/\\\/facebook.com\\\/AguahdeHermosillo\",\"https:\\\/\\\/x.com\\\/aguahermosillo\"]},{\"@type\":\"Person\",\"@id\":\"https:\\\/\\\/aguadehermosillo.gob.mx\\\/aguah\\\/#\\\/schema\\\/person\\\/b5cb9f8bda43b94a15cff0bb2854f82c\",\"name\":\"Fernanda Rodriguez\",\"image\":{\"@type\":\"ImageObject\",\"inLanguage\":\"es\",\"@id\":\"https:\\\/\\\/secure.gravatar.com\\\/avatar\\\/5577934625455c849eb29550f3322c1bef9bafa817e68e4bcadba255529467b5?s=96&d=mm&r=gf1089a2a663e42a1bf4a8a0becf55e19\",\"url\":\"https:\\\/\\\/secure.gravatar.com\\\/avatar\\\/5577934625455c849eb29550f3322c1bef9bafa817e68e4bcadba255529467b5?s=96&d=mm&r=g\",\"contentUrl\":\"https:\\\/\\\/secure.gravatar.com\\\/avatar\\\/5577934625455c849eb29550f3322c1bef9bafa817e68e4bcadba255529467b5?s=96&d=mm&r=g\",\"caption\":\"Fernanda Rodriguez\"}}]}<\/script>\n<!-- \/ Yoast SEO plugin. -->","yoast_head_json":{"title":"Agua de Hermosillo - Bolet\u00edn 406 - Corte el\u00e9ctrico programado de CFE en Acueducto Independencia afectar\u00e1 suministro de agua","robots":{"index":"index","follow":"follow","max-snippet":"max-snippet:-1","max-image-preview":"max-image-preview:large","max-video-preview":"max-video-preview:-1"},"canonical":"https:\/\/aguadehermosillo.gob.mx\/aguah\/2021\/08\/01\/boletin-406-20210801\/","og_locale":"es_MX","og_type":"article","og_title":"Agua de Hermosillo - Bolet\u00edn 406 - Corte el\u00e9ctrico programado de CFE en Acueducto Independencia afectar\u00e1 suministro de agua","og_description":"Los d\u00edas 4 y 6 de agosto realizar\u00e1n trabajos del programa de mantenimiento en la subestaci\u00f3n Novillo; provocar\u00e1 desabasto y bajas presiones en colonias del sur de Hermosillo.","og_url":"https:\/\/aguadehermosillo.gob.mx\/aguah\/2021\/08\/01\/boletin-406-20210801\/","og_site_name":"Agua de Hermosillo","article_publisher":"https:\/\/facebook.com\/AguahdeHermosillo","article_published_time":"2021-08-02T03:50:58+00:00","article_modified_time":"2021-08-02T04:24:49+00:00","og_image":[{"width":1280,"height":654,"url":"https:\/\/aguadehermosillo.gob.mx\/aguah\/wp-content\/uploads\/2021\/08\/IMG-20210801-WA0006.jpg","type":"image\/jpeg"}],"author":"Fernanda Rodriguez","twitter_card":"summary_large_image","twitter_creator":"@aguahermosillo","twitter_site":"@aguahermosillo","twitter_misc":{"Escrito por":"Fernanda Rodriguez","Tiempo de lectura":"2 minutos","Written by":"Fernanda Rodriguez"},"schema":{"@context":"https:\/\/schema.org","@graph":[{"@type":"Article","@id":"https:\/\/aguadehermosillo.gob.mx\/aguah\/2021\/08\/01\/boletin-406-20210801\/#article","isPartOf":{"@id":"https:\/\/aguadehermosillo.gob.mx\/aguah\/2021\/08\/01\/boletin-406-20210801\/"},"author":{"name":"Fernanda Rodriguez","@id":"https:\/\/aguadehermosillo.gob.mx\/aguah\/#\/schema\/person\/b5cb9f8bda43b94a15cff0bb2854f82c"},"headline":"Bolet\u00edn 406 &#8211; Corte el\u00e9ctrico programado de CFE en Acueducto Independencia afectar\u00e1 suministro de agua","datePublished":"2021-08-02T03:50:58+00:00","dateModified":"2021-08-02T04:24:49+00:00","mainEntityOfPage":{"@id":"https:\/\/aguadehermosillo.gob.mx\/aguah\/2021\/08\/01\/boletin-406-20210801\/"},"wordCount":435,"publisher":{"@id":"https:\/\/aguadehermosillo.gob.mx\/aguah\/#organization"},"image":{"@id":"https:\/\/aguadehermosillo.gob.mx\/aguah\/2021\/08\/01\/boletin-406-20210801\/#primaryimage"},"thumbnailUrl":"https:\/\/aguadehermosillo.gob.mx\/aguah\/wp-content\/uploads\/2021\/08\/IMG-20210801-WA0006.jpg","articleSection":["Boletines"],"inLanguage":"es"},{"@type":"WebPage","@id":"https:\/\/aguadehermosillo.gob.mx\/aguah\/2021\/08\/01\/boletin-406-20210801\/","url":"https:\/\/aguadehermosillo.gob.mx\/aguah\/2021\/08\/01\/boletin-406-20210801\/","name":"Agua de Hermosillo - Bolet\u00edn 406 - Corte el\u00e9ctrico programado de CFE en Acueducto Independencia afectar\u00e1 suministro de agua","isPartOf":{"@id":"https:\/\/aguadehermosillo.gob.mx\/aguah\/#website"},"primaryImageOfPage":{"@id":"https:\/\/aguadehermosillo.gob.mx\/aguah\/2021\/08\/01\/boletin-406-20210801\/#primaryimage"},"image":{"@id":"https:\/\/aguadehermosillo.gob.mx\/aguah\/2021\/08\/01\/boletin-406-20210801\/#primaryimage"},"thumbnailUrl":"https:\/\/aguadehermosillo.gob.mx\/aguah\/wp-content\/uploads\/2021\/08\/IMG-20210801-WA0006.jpg","datePublished":"2021-08-02T03:50:58+00:00","dateModified":"2021-08-02T04:24:49+00:00","breadcrumb":{"@id":"https:\/\/aguadehermosillo.gob.mx\/aguah\/2021\/08\/01\/boletin-406-20210801\/#breadcrumb"},"inLanguage":"es","potentialAction":[{"@type":"ReadAction","target":["https:\/\/aguadehermosillo.gob.mx\/aguah\/2021\/08\/01\/boletin-406-20210801\/"]}]},{"@type":"ImageObject","inLanguage":"es","@id":"https:\/\/aguadehermosillo.gob.mx\/aguah\/2021\/08\/01\/boletin-406-20210801\/#primaryimage","url":"https:\/\/aguadehermosillo.gob.mx\/aguah\/wp-content\/uploads\/2021\/08\/IMG-20210801-WA0006.jpg","contentUrl":"https:\/\/aguadehermosillo.gob.mx\/aguah\/wp-content\/uploads\/2021\/08\/IMG-20210801-WA0006.jpg","width":1280,"height":654},{"@type":"BreadcrumbList","@id":"https:\/\/aguadehermosillo.gob.mx\/aguah\/2021\/08\/01\/boletin-406-20210801\/#breadcrumb","itemListElement":[{"@type":"ListItem","position":1,"name":"Inicio","item":"https:\/\/aguadehermosillo.gob.mx\/aguah\/"},{"@type":"ListItem","position":2,"name":"Bolet\u00edn 406 &#8211; Corte el\u00e9ctrico programado de CFE en Acueducto Independencia afectar\u00e1 suministro de agua"}]},{"@type":"WebSite","@id":"https:\/\/aguadehermosillo.gob.mx\/aguah\/#website","url":"https:\/\/aguadehermosillo.gob.mx\/aguah\/","name":"Agua de Hermosillo","description":"Organismo operador de Agua potable, drenaje, alcantarillado, tratamiento y disposici\u00f3n de aguas residuales del municipio Hermosillo y zonas rurales aleda\u00f1as","publisher":{"@id":"https:\/\/aguadehermosillo.gob.mx\/aguah\/#organization"},"potentialAction":[{"@type":"SearchAction","target":{"@type":"EntryPoint","urlTemplate":"https:\/\/aguadehermosillo.gob.mx\/aguah\/?s={search_term_string}"},"query-input":{"@type":"PropertyValueSpecification","valueRequired":true,"valueName":"search_term_string"}}],"inLanguage":"es"},{"@type":"Organization","@id":"https:\/\/aguadehermosillo.gob.mx\/aguah\/#organization","name":"Agua de Hermosillo","url":"https:\/\/aguadehermosillo.gob.mx\/aguah\/","logo":{"@type":"ImageObject","inLanguage":"es","@id":"https:\/\/aguadehermosillo.gob.mx\/aguah\/#\/schema\/logo\/image\/","url":"https:\/\/aguadehermosillo.gob.mx\/aguah\/wp-content\/uploads\/2019\/05\/AguaH.png","contentUrl":"https:\/\/aguadehermosillo.gob.mx\/aguah\/wp-content\/uploads\/2019\/05\/AguaH.png","width":1920,"height":1080,"caption":"Agua de Hermosillo"},"image":{"@id":"https:\/\/aguadehermosillo.gob.mx\/aguah\/#\/schema\/logo\/image\/"},"sameAs":["https:\/\/facebook.com\/AguahdeHermosillo","https:\/\/x.com\/aguahermosillo"]},{"@type":"Person","@id":"https:\/\/aguadehermosillo.gob.mx\/aguah\/#\/schema\/person\/b5cb9f8bda43b94a15cff0bb2854f82c","name":"Fernanda Rodriguez","image":{"@type":"ImageObject","inLanguage":"es","@id":"https:\/\/secure.gravatar.com\/avatar\/5577934625455c849eb29550f3322c1bef9bafa817e68e4bcadba255529467b5?s=96&d=mm&r=gf1089a2a663e42a1bf4a8a0becf55e19","url":"https:\/\/secure.gravatar.com\/avatar\/5577934625455c849eb29550f3322c1bef9bafa817e68e4bcadba255529467b5?s=96&d=mm&r=g","contentUrl":"https:\/\/secure.gravatar.com\/avatar\/5577934625455c849eb29550f3322c1bef9bafa817e68e4bcadba255529467b5?s=96&d=mm&r=g","caption":"Fernanda Rodriguez"}}]}},"_links":{"self":[{"href":"https:\/\/aguadehermosillo.gob.mx\/aguah\/wp-json\/wp\/v2\/posts\/5040","targetHints":{"allow":["GET"]}}],"collection":[{"href":"https:\/\/aguadehermosillo.gob.mx\/aguah\/wp-json\/wp\/v2\/posts"}],"about":[{"href":"https:\/\/aguadehermosillo.gob.mx\/aguah\/wp-json\/wp\/v2\/types\/post"}],"author":[{"embeddable":true,"href":"https:\/\/aguadehermosillo.gob.mx\/aguah\/wp-json\/wp\/v2\/users\/11"}],"replies":[{"embeddable":true,"href":"https:\/\/aguadehermosillo.gob.mx\/aguah\/wp-json\/wp\/v2\/comments?post=5040"}],"version-history":[{"count":1,"href":"https:\/\/aguadehermosillo.gob.mx\/aguah\/wp-json\/wp\/v2\/posts\/5040\/revisions"}],"predecessor-version":[{"id":5043,"href":"https:\/\/aguadehermosillo.gob.mx\/aguah\/wp-json\/wp\/v2\/posts\/5040\/revisions\/5043"}],"wp:featuredmedia":[{"embeddable":true,"href":"https:\/\/aguadehermosillo.gob.mx\/aguah\/wp-json\/wp\/v2\/media\/5041"}],"wp:attachment":[{"href":"https:\/\/aguadehermosillo.gob.mx\/aguah\/wp-json\/wp\/v2\/media?parent=5040"}],"wp:term":[{"taxonomy":"category","embeddable":true,"href":"https:\/\/aguadehermosillo.gob.mx\/aguah\/wp-json\/wp\/v2\/categories?post=5040"},{"taxonomy":"post_tag","embeddable":true,"href":"https:\/\/aguadehermosillo.gob.mx\/aguah\/wp-json\/wp\/v2\/tags?post=5040"},{"taxonomy":"author","embeddable":true,"href":"https:\/\/aguadehermosillo.gob.mx\/aguah\/wp-json\/wp\/v2\/coauthors?post=5040"}],"curies":[{"name":"wp","href":"https:\/\/api.w.org\/{rel}","templated":true}]}}