{"id":5044,"date":"2021-08-03T16:47:14","date_gmt":"2021-08-03T23:47:14","guid":{"rendered":"http:\/\/aguadehermosillo.gob.mx\/aguah\/?p=5044"},"modified":"2021-08-03T16:47:17","modified_gmt":"2021-08-03T23:47:17","slug":"boletin-407-20170803","status":"publish","type":"post","link":"https:\/\/aguadehermosillo.gob.mx\/aguah\/2021\/08\/03\/boletin-407-20170803\/","title":{"rendered":"Bolet\u00edn 407 &#8211; Iniciar\u00e1 este mi\u00e9rcoles corte el\u00e9ctrico programado de CFE en subestaci\u00f3n Novillo"},"content":{"rendered":"\n<p><strong>Con este programa de mantenimiento se afectar\u00e1 la distribuci\u00f3n de agua potable en el sur, centro y parte del sector poniente de Hermosillo. <\/strong><\/p>\n\n\n\n<p>Hermosillo, Son. 03 de agosto de 2021.- Este mi\u00e9rcoles dar\u00e1 inicio el primer corte de energ\u00eda el\u00e9ctrica programado por la Comisi\u00f3n Federal de Electricidad en la subestaci\u00f3n Novillo, lo que provocar\u00e1 afectaciones en el servicio de agua potable en la capital sonorense al quedar fuera de operaci\u00f3n el sistema de rebombeo del Acueducto Independencia. <\/p>\n\n\n\n<p>Herman Valenzuela Salas, Coordinador Operativo de Agua de Hermosillo, record\u00f3 que ser\u00e1n dos cortes programados, uno este mi\u00e9rcoles 4 de agosto y otro el pr\u00f3ximo d\u00eda viernes 6, con lo que se presentar\u00e1n bajas presiones y en algunos casos ausencia de agua para todos los usuarios del sur de la ciudad, incluyendo adem\u00e1s afectaciones colaterales para los sectores sur y parte del poniente. <\/p>\n\n\n\n<p>Record\u00f3 que los cortes el\u00e9ctricos se aplicar\u00e1n de 8:00am a 11:00am en ambos d\u00edas, y que la recuperaci\u00f3n total en las l\u00edneas de distribuci\u00f3n pudiera ser lenta por motivos de los altos consumos de agua potable que se generan durante la temporada de calor.<\/p>\n\n\n\n<p>Por ese motivo, el funcionario recomend\u00f3 a los usuarios a hacer resguardo del vital l\u00edquido en tinacos, cisternas y recipientes limpios, y con ello solventar las necesidades diarias en hogares y comercios durante el tiempo que se mantenga el servicio de forma irregular. <\/p>\n\n\n\n<p>Valenzuela Salas agreg\u00f3 que son 90 colonias y m\u00e1s de 63 mil usuarios los que de forma directa resentir\u00e1n la falta de agua que llega a trav\u00e9s del Acueducto Independencia hacia la planta potabilizadora sur, a los que se sumar\u00e1n algunas colonias del centro como Mariachi, 5 de Mayo y Centro, as\u00ed como sectores del poniente (\u00e1rea del bulevar Colosio) que tambi\u00e9n pudieran experimentar bajas presiones.<\/p>\n\n\n\n<figure class=\"wp-block-image\"><img fetchpriority=\"high\" decoding=\"async\" width=\"840\" height=\"355\" src=\"https:\/\/aguadehermosillo.gob.mx\/aguah\/wp-content\/uploads\/2021\/08\/IMG-20210803-WA0021-840x355.jpg\" alt=\"\" class=\"wp-image-5046\" srcset=\"https:\/\/aguadehermosillo.gob.mx\/aguah\/wp-content\/uploads\/2021\/08\/IMG-20210803-WA0021-840x355.jpg 840w, https:\/\/aguadehermosillo.gob.mx\/aguah\/wp-content\/uploads\/2021\/08\/IMG-20210803-WA0021-660x279.jpg 660w, https:\/\/aguadehermosillo.gob.mx\/aguah\/wp-content\/uploads\/2021\/08\/IMG-20210803-WA0021-768x324.jpg 768w, https:\/\/aguadehermosillo.gob.mx\/aguah\/wp-content\/uploads\/2021\/08\/IMG-20210803-WA0021.jpg 1279w\" sizes=\"(max-width: 840px) 100vw, 840px\" \/><\/figure>\n","protected":false},"excerpt":{"rendered":"<p>Con este programa de mantenimiento se afectar\u00e1 la distribuci\u00f3n de agua potable en el sur, centro y parte del sector poniente de Hermosillo. <\/p>\n","protected":false},"author":11,"featured_media":5045,"comment_status":"closed","ping_status":"closed","sticky":false,"template":"","format":"standard","meta":{"footnotes":""},"categories":[1],"tags":[],"coauthors":[54],"class_list":["post-5044","post","type-post","status-publish","format-standard","has-post-thumbnail","hentry","category-boletines"],"yoast_head":"<!-- This site is optimized with the Yoast SEO plugin v27.5 - https:\/\/yoast.com\/product\/yoast-seo-wordpress\/ -->\n<title>Agua de Hermosillo - Bolet\u00edn 407 - Iniciar\u00e1 este mi\u00e9rcoles corte el\u00e9ctrico programado de CFE en subestaci\u00f3n Novillo<\/title>\n<meta name=\"robots\" content=\"index, follow, max-snippet:-1, max-image-preview:large, max-video-preview:-1\" \/>\n<link rel=\"canonical\" href=\"https:\/\/aguadehermosillo.gob.mx\/aguah\/2021\/08\/03\/boletin-407-20170803\/\" \/>\n<meta property=\"og:locale\" content=\"es_MX\" \/>\n<meta property=\"og:type\" content=\"article\" \/>\n<meta property=\"og:title\" content=\"Agua de Hermosillo - Bolet\u00edn 407 - Iniciar\u00e1 este mi\u00e9rcoles corte el\u00e9ctrico programado de CFE en subestaci\u00f3n Novillo\" \/>\n<meta property=\"og:description\" content=\"Con este programa de mantenimiento se afectar\u00e1 la distribuci\u00f3n de agua potable en el sur, centro y parte del sector poniente de Hermosillo.\" \/>\n<meta property=\"og:url\" content=\"https:\/\/aguadehermosillo.gob.mx\/aguah\/2021\/08\/03\/boletin-407-20170803\/\" \/>\n<meta property=\"og:site_name\" content=\"Agua de Hermosillo\" \/>\n<meta property=\"article:publisher\" content=\"https:\/\/facebook.com\/AguahdeHermosillo\" \/>\n<meta property=\"article:published_time\" content=\"2021-08-03T23:47:14+00:00\" \/>\n<meta property=\"article:modified_time\" content=\"2021-08-03T23:47:17+00:00\" \/>\n<meta property=\"og:image\" content=\"https:\/\/aguadehermosillo.gob.mx\/aguah\/wp-content\/uploads\/2021\/08\/IMG-20210803-WA0020.jpg\" \/>\n\t<meta property=\"og:image:width\" content=\"720\" \/>\n\t<meta property=\"og:image:height\" content=\"645\" \/>\n\t<meta property=\"og:image:type\" content=\"image\/jpeg\" \/>\n<meta name=\"author\" content=\"Fernanda Rodriguez\" \/>\n<meta name=\"twitter:card\" content=\"summary_large_image\" \/>\n<meta name=\"twitter:creator\" content=\"@aguahermosillo\" \/>\n<meta name=\"twitter:site\" content=\"@aguahermosillo\" \/>\n<meta name=\"twitter:label1\" content=\"Escrito por\" \/>\n\t<meta name=\"twitter:data1\" content=\"Fernanda Rodriguez\" \/>\n\t<meta name=\"twitter:label2\" content=\"Tiempo de lectura\" \/>\n\t<meta name=\"twitter:data2\" content=\"2 minutos\" \/>\n\t<meta name=\"twitter:label3\" content=\"Written by\" \/>\n\t<meta name=\"twitter:data3\" content=\"Fernanda Rodriguez\" \/>\n<script type=\"application\/ld+json\" class=\"yoast-schema-graph\">{\"@context\":\"https:\\\/\\\/schema.org\",\"@graph\":[{\"@type\":\"Article\",\"@id\":\"https:\\\/\\\/aguadehermosillo.gob.mx\\\/aguah\\\/2021\\\/08\\\/03\\\/boletin-407-20170803\\\/#article\",\"isPartOf\":{\"@id\":\"https:\\\/\\\/aguadehermosillo.gob.mx\\\/aguah\\\/2021\\\/08\\\/03\\\/boletin-407-20170803\\\/\"},\"author\":{\"name\":\"Fernanda Rodriguez\",\"@id\":\"https:\\\/\\\/aguadehermosillo.gob.mx\\\/aguah\\\/#\\\/schema\\\/person\\\/b5cb9f8bda43b94a15cff0bb2854f82c\"},\"headline\":\"Bolet\u00edn 407 &#8211; Iniciar\u00e1 este mi\u00e9rcoles corte el\u00e9ctrico programado de CFE en subestaci\u00f3n Novillo\",\"datePublished\":\"2021-08-03T23:47:14+00:00\",\"dateModified\":\"2021-08-03T23:47:17+00:00\",\"mainEntityOfPage\":{\"@id\":\"https:\\\/\\\/aguadehermosillo.gob.mx\\\/aguah\\\/2021\\\/08\\\/03\\\/boletin-407-20170803\\\/\"},\"wordCount\":329,\"publisher\":{\"@id\":\"https:\\\/\\\/aguadehermosillo.gob.mx\\\/aguah\\\/#organization\"},\"image\":{\"@id\":\"https:\\\/\\\/aguadehermosillo.gob.mx\\\/aguah\\\/2021\\\/08\\\/03\\\/boletin-407-20170803\\\/#primaryimage\"},\"thumbnailUrl\":\"https:\\\/\\\/aguadehermosillo.gob.mx\\\/aguah\\\/wp-content\\\/uploads\\\/2021\\\/08\\\/IMG-20210803-WA0020.jpg\",\"articleSection\":[\"Boletines\"],\"inLanguage\":\"es\"},{\"@type\":\"WebPage\",\"@id\":\"https:\\\/\\\/aguadehermosillo.gob.mx\\\/aguah\\\/2021\\\/08\\\/03\\\/boletin-407-20170803\\\/\",\"url\":\"https:\\\/\\\/aguadehermosillo.gob.mx\\\/aguah\\\/2021\\\/08\\\/03\\\/boletin-407-20170803\\\/\",\"name\":\"Agua de Hermosillo - Bolet\u00edn 407 - Iniciar\u00e1 este mi\u00e9rcoles corte el\u00e9ctrico programado de CFE en subestaci\u00f3n Novillo\",\"isPartOf\":{\"@id\":\"https:\\\/\\\/aguadehermosillo.gob.mx\\\/aguah\\\/#website\"},\"primaryImageOfPage\":{\"@id\":\"https:\\\/\\\/aguadehermosillo.gob.mx\\\/aguah\\\/2021\\\/08\\\/03\\\/boletin-407-20170803\\\/#primaryimage\"},\"image\":{\"@id\":\"https:\\\/\\\/aguadehermosillo.gob.mx\\\/aguah\\\/2021\\\/08\\\/03\\\/boletin-407-20170803\\\/#primaryimage\"},\"thumbnailUrl\":\"https:\\\/\\\/aguadehermosillo.gob.mx\\\/aguah\\\/wp-content\\\/uploads\\\/2021\\\/08\\\/IMG-20210803-WA0020.jpg\",\"datePublished\":\"2021-08-03T23:47:14+00:00\",\"dateModified\":\"2021-08-03T23:47:17+00:00\",\"breadcrumb\":{\"@id\":\"https:\\\/\\\/aguadehermosillo.gob.mx\\\/aguah\\\/2021\\\/08\\\/03\\\/boletin-407-20170803\\\/#breadcrumb\"},\"inLanguage\":\"es\",\"potentialAction\":[{\"@type\":\"ReadAction\",\"target\":[\"https:\\\/\\\/aguadehermosillo.gob.mx\\\/aguah\\\/2021\\\/08\\\/03\\\/boletin-407-20170803\\\/\"]}]},{\"@type\":\"ImageObject\",\"inLanguage\":\"es\",\"@id\":\"https:\\\/\\\/aguadehermosillo.gob.mx\\\/aguah\\\/2021\\\/08\\\/03\\\/boletin-407-20170803\\\/#primaryimage\",\"url\":\"https:\\\/\\\/aguadehermosillo.gob.mx\\\/aguah\\\/wp-content\\\/uploads\\\/2021\\\/08\\\/IMG-20210803-WA0020.jpg\",\"contentUrl\":\"https:\\\/\\\/aguadehermosillo.gob.mx\\\/aguah\\\/wp-content\\\/uploads\\\/2021\\\/08\\\/IMG-20210803-WA0020.jpg\",\"width\":720,\"height\":645},{\"@type\":\"BreadcrumbList\",\"@id\":\"https:\\\/\\\/aguadehermosillo.gob.mx\\\/aguah\\\/2021\\\/08\\\/03\\\/boletin-407-20170803\\\/#breadcrumb\",\"itemListElement\":[{\"@type\":\"ListItem\",\"position\":1,\"name\":\"Inicio\",\"item\":\"https:\\\/\\\/aguadehermosillo.gob.mx\\\/aguah\\\/\"},{\"@type\":\"ListItem\",\"position\":2,\"name\":\"Bolet\u00edn 407 &#8211; Iniciar\u00e1 este mi\u00e9rcoles corte el\u00e9ctrico programado de CFE en subestaci\u00f3n Novillo\"}]},{\"@type\":\"WebSite\",\"@id\":\"https:\\\/\\\/aguadehermosillo.gob.mx\\\/aguah\\\/#website\",\"url\":\"https:\\\/\\\/aguadehermosillo.gob.mx\\\/aguah\\\/\",\"name\":\"Agua de Hermosillo\",\"description\":\"Organismo operador de Agua potable, drenaje, alcantarillado, tratamiento y disposici\u00f3n de aguas residuales del municipio Hermosillo y zonas rurales aleda\u00f1as\",\"publisher\":{\"@id\":\"https:\\\/\\\/aguadehermosillo.gob.mx\\\/aguah\\\/#organization\"},\"potentialAction\":[{\"@type\":\"SearchAction\",\"target\":{\"@type\":\"EntryPoint\",\"urlTemplate\":\"https:\\\/\\\/aguadehermosillo.gob.mx\\\/aguah\\\/?s={search_term_string}\"},\"query-input\":{\"@type\":\"PropertyValueSpecification\",\"valueRequired\":true,\"valueName\":\"search_term_string\"}}],\"inLanguage\":\"es\"},{\"@type\":\"Organization\",\"@id\":\"https:\\\/\\\/aguadehermosillo.gob.mx\\\/aguah\\\/#organization\",\"name\":\"Agua de Hermosillo\",\"url\":\"https:\\\/\\\/aguadehermosillo.gob.mx\\\/aguah\\\/\",\"logo\":{\"@type\":\"ImageObject\",\"inLanguage\":\"es\",\"@id\":\"https:\\\/\\\/aguadehermosillo.gob.mx\\\/aguah\\\/#\\\/schema\\\/logo\\\/image\\\/\",\"url\":\"https:\\\/\\\/aguadehermosillo.gob.mx\\\/aguah\\\/wp-content\\\/uploads\\\/2019\\\/05\\\/AguaH.png\",\"contentUrl\":\"https:\\\/\\\/aguadehermosillo.gob.mx\\\/aguah\\\/wp-content\\\/uploads\\\/2019\\\/05\\\/AguaH.png\",\"width\":1920,\"height\":1080,\"caption\":\"Agua de Hermosillo\"},\"image\":{\"@id\":\"https:\\\/\\\/aguadehermosillo.gob.mx\\\/aguah\\\/#\\\/schema\\\/logo\\\/image\\\/\"},\"sameAs\":[\"https:\\\/\\\/facebook.com\\\/AguahdeHermosillo\",\"https:\\\/\\\/x.com\\\/aguahermosillo\"]},{\"@type\":\"Person\",\"@id\":\"https:\\\/\\\/aguadehermosillo.gob.mx\\\/aguah\\\/#\\\/schema\\\/person\\\/b5cb9f8bda43b94a15cff0bb2854f82c\",\"name\":\"Fernanda Rodriguez\",\"image\":{\"@type\":\"ImageObject\",\"inLanguage\":\"es\",\"@id\":\"https:\\\/\\\/secure.gravatar.com\\\/avatar\\\/5577934625455c849eb29550f3322c1bef9bafa817e68e4bcadba255529467b5?s=96&d=mm&r=gf1089a2a663e42a1bf4a8a0becf55e19\",\"url\":\"https:\\\/\\\/secure.gravatar.com\\\/avatar\\\/5577934625455c849eb29550f3322c1bef9bafa817e68e4bcadba255529467b5?s=96&d=mm&r=g\",\"contentUrl\":\"https:\\\/\\\/secure.gravatar.com\\\/avatar\\\/5577934625455c849eb29550f3322c1bef9bafa817e68e4bcadba255529467b5?s=96&d=mm&r=g\",\"caption\":\"Fernanda Rodriguez\"}}]}<\/script>\n<!-- \/ Yoast SEO plugin. -->","yoast_head_json":{"title":"Agua de Hermosillo - Bolet\u00edn 407 - Iniciar\u00e1 este mi\u00e9rcoles corte el\u00e9ctrico programado de CFE en subestaci\u00f3n Novillo","robots":{"index":"index","follow":"follow","max-snippet":"max-snippet:-1","max-image-preview":"max-image-preview:large","max-video-preview":"max-video-preview:-1"},"canonical":"https:\/\/aguadehermosillo.gob.mx\/aguah\/2021\/08\/03\/boletin-407-20170803\/","og_locale":"es_MX","og_type":"article","og_title":"Agua de Hermosillo - Bolet\u00edn 407 - Iniciar\u00e1 este mi\u00e9rcoles corte el\u00e9ctrico programado de CFE en subestaci\u00f3n Novillo","og_description":"Con este programa de mantenimiento se afectar\u00e1 la distribuci\u00f3n de agua potable en el sur, centro y parte del sector poniente de Hermosillo.","og_url":"https:\/\/aguadehermosillo.gob.mx\/aguah\/2021\/08\/03\/boletin-407-20170803\/","og_site_name":"Agua de Hermosillo","article_publisher":"https:\/\/facebook.com\/AguahdeHermosillo","article_published_time":"2021-08-03T23:47:14+00:00","article_modified_time":"2021-08-03T23:47:17+00:00","og_image":[{"width":720,"height":645,"url":"https:\/\/aguadehermosillo.gob.mx\/aguah\/wp-content\/uploads\/2021\/08\/IMG-20210803-WA0020.jpg","type":"image\/jpeg"}],"author":"Fernanda Rodriguez","twitter_card":"summary_large_image","twitter_creator":"@aguahermosillo","twitter_site":"@aguahermosillo","twitter_misc":{"Escrito por":"Fernanda Rodriguez","Tiempo de lectura":"2 minutos","Written by":"Fernanda Rodriguez"},"schema":{"@context":"https:\/\/schema.org","@graph":[{"@type":"Article","@id":"https:\/\/aguadehermosillo.gob.mx\/aguah\/2021\/08\/03\/boletin-407-20170803\/#article","isPartOf":{"@id":"https:\/\/aguadehermosillo.gob.mx\/aguah\/2021\/08\/03\/boletin-407-20170803\/"},"author":{"name":"Fernanda Rodriguez","@id":"https:\/\/aguadehermosillo.gob.mx\/aguah\/#\/schema\/person\/b5cb9f8bda43b94a15cff0bb2854f82c"},"headline":"Bolet\u00edn 407 &#8211; Iniciar\u00e1 este mi\u00e9rcoles corte el\u00e9ctrico programado de CFE en subestaci\u00f3n Novillo","datePublished":"2021-08-03T23:47:14+00:00","dateModified":"2021-08-03T23:47:17+00:00","mainEntityOfPage":{"@id":"https:\/\/aguadehermosillo.gob.mx\/aguah\/2021\/08\/03\/boletin-407-20170803\/"},"wordCount":329,"publisher":{"@id":"https:\/\/aguadehermosillo.gob.mx\/aguah\/#organization"},"image":{"@id":"https:\/\/aguadehermosillo.gob.mx\/aguah\/2021\/08\/03\/boletin-407-20170803\/#primaryimage"},"thumbnailUrl":"https:\/\/aguadehermosillo.gob.mx\/aguah\/wp-content\/uploads\/2021\/08\/IMG-20210803-WA0020.jpg","articleSection":["Boletines"],"inLanguage":"es"},{"@type":"WebPage","@id":"https:\/\/aguadehermosillo.gob.mx\/aguah\/2021\/08\/03\/boletin-407-20170803\/","url":"https:\/\/aguadehermosillo.gob.mx\/aguah\/2021\/08\/03\/boletin-407-20170803\/","name":"Agua de Hermosillo - Bolet\u00edn 407 - Iniciar\u00e1 este mi\u00e9rcoles corte el\u00e9ctrico programado de CFE en subestaci\u00f3n Novillo","isPartOf":{"@id":"https:\/\/aguadehermosillo.gob.mx\/aguah\/#website"},"primaryImageOfPage":{"@id":"https:\/\/aguadehermosillo.gob.mx\/aguah\/2021\/08\/03\/boletin-407-20170803\/#primaryimage"},"image":{"@id":"https:\/\/aguadehermosillo.gob.mx\/aguah\/2021\/08\/03\/boletin-407-20170803\/#primaryimage"},"thumbnailUrl":"https:\/\/aguadehermosillo.gob.mx\/aguah\/wp-content\/uploads\/2021\/08\/IMG-20210803-WA0020.jpg","datePublished":"2021-08-03T23:47:14+00:00","dateModified":"2021-08-03T23:47:17+00:00","breadcrumb":{"@id":"https:\/\/aguadehermosillo.gob.mx\/aguah\/2021\/08\/03\/boletin-407-20170803\/#breadcrumb"},"inLanguage":"es","potentialAction":[{"@type":"ReadAction","target":["https:\/\/aguadehermosillo.gob.mx\/aguah\/2021\/08\/03\/boletin-407-20170803\/"]}]},{"@type":"ImageObject","inLanguage":"es","@id":"https:\/\/aguadehermosillo.gob.mx\/aguah\/2021\/08\/03\/boletin-407-20170803\/#primaryimage","url":"https:\/\/aguadehermosillo.gob.mx\/aguah\/wp-content\/uploads\/2021\/08\/IMG-20210803-WA0020.jpg","contentUrl":"https:\/\/aguadehermosillo.gob.mx\/aguah\/wp-content\/uploads\/2021\/08\/IMG-20210803-WA0020.jpg","width":720,"height":645},{"@type":"BreadcrumbList","@id":"https:\/\/aguadehermosillo.gob.mx\/aguah\/2021\/08\/03\/boletin-407-20170803\/#breadcrumb","itemListElement":[{"@type":"ListItem","position":1,"name":"Inicio","item":"https:\/\/aguadehermosillo.gob.mx\/aguah\/"},{"@type":"ListItem","position":2,"name":"Bolet\u00edn 407 &#8211; Iniciar\u00e1 este mi\u00e9rcoles corte el\u00e9ctrico programado de CFE en subestaci\u00f3n Novillo"}]},{"@type":"WebSite","@id":"https:\/\/aguadehermosillo.gob.mx\/aguah\/#website","url":"https:\/\/aguadehermosillo.gob.mx\/aguah\/","name":"Agua de Hermosillo","description":"Organismo operador de Agua potable, drenaje, alcantarillado, tratamiento y disposici\u00f3n de aguas residuales del municipio Hermosillo y zonas rurales aleda\u00f1as","publisher":{"@id":"https:\/\/aguadehermosillo.gob.mx\/aguah\/#organization"},"potentialAction":[{"@type":"SearchAction","target":{"@type":"EntryPoint","urlTemplate":"https:\/\/aguadehermosillo.gob.mx\/aguah\/?s={search_term_string}"},"query-input":{"@type":"PropertyValueSpecification","valueRequired":true,"valueName":"search_term_string"}}],"inLanguage":"es"},{"@type":"Organization","@id":"https:\/\/aguadehermosillo.gob.mx\/aguah\/#organization","name":"Agua de Hermosillo","url":"https:\/\/aguadehermosillo.gob.mx\/aguah\/","logo":{"@type":"ImageObject","inLanguage":"es","@id":"https:\/\/aguadehermosillo.gob.mx\/aguah\/#\/schema\/logo\/image\/","url":"https:\/\/aguadehermosillo.gob.mx\/aguah\/wp-content\/uploads\/2019\/05\/AguaH.png","contentUrl":"https:\/\/aguadehermosillo.gob.mx\/aguah\/wp-content\/uploads\/2019\/05\/AguaH.png","width":1920,"height":1080,"caption":"Agua de Hermosillo"},"image":{"@id":"https:\/\/aguadehermosillo.gob.mx\/aguah\/#\/schema\/logo\/image\/"},"sameAs":["https:\/\/facebook.com\/AguahdeHermosillo","https:\/\/x.com\/aguahermosillo"]},{"@type":"Person","@id":"https:\/\/aguadehermosillo.gob.mx\/aguah\/#\/schema\/person\/b5cb9f8bda43b94a15cff0bb2854f82c","name":"Fernanda Rodriguez","image":{"@type":"ImageObject","inLanguage":"es","@id":"https:\/\/secure.gravatar.com\/avatar\/5577934625455c849eb29550f3322c1bef9bafa817e68e4bcadba255529467b5?s=96&d=mm&r=gf1089a2a663e42a1bf4a8a0becf55e19","url":"https:\/\/secure.gravatar.com\/avatar\/5577934625455c849eb29550f3322c1bef9bafa817e68e4bcadba255529467b5?s=96&d=mm&r=g","contentUrl":"https:\/\/secure.gravatar.com\/avatar\/5577934625455c849eb29550f3322c1bef9bafa817e68e4bcadba255529467b5?s=96&d=mm&r=g","caption":"Fernanda Rodriguez"}}]}},"_links":{"self":[{"href":"https:\/\/aguadehermosillo.gob.mx\/aguah\/wp-json\/wp\/v2\/posts\/5044","targetHints":{"allow":["GET"]}}],"collection":[{"href":"https:\/\/aguadehermosillo.gob.mx\/aguah\/wp-json\/wp\/v2\/posts"}],"about":[{"href":"https:\/\/aguadehermosillo.gob.mx\/aguah\/wp-json\/wp\/v2\/types\/post"}],"author":[{"embeddable":true,"href":"https:\/\/aguadehermosillo.gob.mx\/aguah\/wp-json\/wp\/v2\/users\/11"}],"replies":[{"embeddable":true,"href":"https:\/\/aguadehermosillo.gob.mx\/aguah\/wp-json\/wp\/v2\/comments?post=5044"}],"version-history":[{"count":2,"href":"https:\/\/aguadehermosillo.gob.mx\/aguah\/wp-json\/wp\/v2\/posts\/5044\/revisions"}],"predecessor-version":[{"id":5048,"href":"https:\/\/aguadehermosillo.gob.mx\/aguah\/wp-json\/wp\/v2\/posts\/5044\/revisions\/5048"}],"wp:featuredmedia":[{"embeddable":true,"href":"https:\/\/aguadehermosillo.gob.mx\/aguah\/wp-json\/wp\/v2\/media\/5045"}],"wp:attachment":[{"href":"https:\/\/aguadehermosillo.gob.mx\/aguah\/wp-json\/wp\/v2\/media?parent=5044"}],"wp:term":[{"taxonomy":"category","embeddable":true,"href":"https:\/\/aguadehermosillo.gob.mx\/aguah\/wp-json\/wp\/v2\/categories?post=5044"},{"taxonomy":"post_tag","embeddable":true,"href":"https:\/\/aguadehermosillo.gob.mx\/aguah\/wp-json\/wp\/v2\/tags?post=5044"},{"taxonomy":"author","embeddable":true,"href":"https:\/\/aguadehermosillo.gob.mx\/aguah\/wp-json\/wp\/v2\/coauthors?post=5044"}],"curies":[{"name":"wp","href":"https:\/\/api.w.org\/{rel}","templated":true}]}}