{"id":5225,"date":"2021-12-17T14:39:43","date_gmt":"2021-12-17T21:39:43","guid":{"rendered":"http:\/\/aguadehermosillo.gob.mx\/aguah\/?p=5225"},"modified":"2021-12-17T14:39:45","modified_gmt":"2021-12-17T21:39:45","slug":"avanza-reparacion-de-fuga-en-zona-del-vado-del-rio","status":"publish","type":"post","link":"https:\/\/aguadehermosillo.gob.mx\/aguah\/2021\/12\/17\/avanza-reparacion-de-fuga-en-zona-del-vado-del-rio\/","title":{"rendered":"Avanza reparaci\u00f3n de fuga en zona del Vado del R\u00edo"},"content":{"rendered":"\n<p>Personal operativo de Agua de Hermosillo atiende ruptura en conducci\u00f3n que afecta el servicio de 8 colonias del centro de la ciudad. <\/p>\n\n\n\n<p>Hermosillo, Son. 17 de diciembre de 2021.- Los trabajos de reparaci\u00f3n de una fuga de agua potable registrada la ma\u00f1ana de este viernes en tuber\u00eda de 14 pulgadas, afectaron el servicio en las colonias Centro, Cerro de la Campana, Malec\u00f3n, Centenario, Las Palmas, Las Granjas, Fuentes del Mezquital y Privada San Antonio, generando adem\u00e1s bajas presiones en sectores aleda\u00f1os.<\/p>\n\n\n\n<p>Jes\u00fas Carrillo, Coordinador Operativo de Agua de Hermosillo, dio a conocer que con el apoyo de maquinaria pesada y personal t\u00e9cnico, las obras de excavaci\u00f3n, localizaci\u00f3n de la conducci\u00f3n da\u00f1ada y reposici\u00f3n de la misma se realizan en calle Rosales y calle Mina, en la zona del Vado del R\u00edo, estimando una jornada de trabajo que, de no presentarse inconvenientes, concluir\u00eda alrededor de las 11:00pm de este mismo viernes. <\/p>\n\n\n\n<p>Indic\u00f3 que para realizar la rehabilitaci\u00f3n de la infraestructura hidr\u00e1ulica que requiri\u00f3 de atenci\u00f3n inmediata, se cerr\u00f3 a la circulaci\u00f3n vehicular de sur a norte, desde la Casa de la Cultura hasta las oficinas de la Fiscal\u00eda General de Justicia, con el respaldo de Tr\u00e1nsito Municipal.<\/p>\n\n\n\n<p>A nombre del organismo operador agradeci\u00f3 la comprensi\u00f3n de los usuarios ante esta eventualidad, a la vez que recomend\u00f3 a los automovilistas tomar precauciones al momento de circular por el lugar, as\u00ed como utilizar vialidades alternas para evitar los embotellamientos.<\/p>\n","protected":false},"excerpt":{"rendered":"<p>Personal operativo de Agua de Hermosillo atiende ruptura en conducci&oacute;n que afecta el servicio de 8 colonias del centro de la ciudad. Hermosillo, Son. 17 de diciembre de 2021.- Los trabajos de reparaci&oacute;n de una fuga de agua potable registrada la ma&ntilde;ana de este viernes en tuber&iacute;a de 14 pulgadas, afectaron el servicio en las colonias Centro, Cerro de la Campana, Malec&oacute;n, Centenario, Las Palmas, Las Granjas, Fuentes del Mezquital y Privada San Antonio, generando adem&aacute;s bajas presiones en sectores aleda&ntilde;os. Jes&uacute;s Carrillo, Coordinador Operativo de Agua de Hermosillo, dio&hellip;<\/p>\n","protected":false},"author":15,"featured_media":5226,"comment_status":"closed","ping_status":"closed","sticky":false,"template":"","format":"standard","meta":{"footnotes":""},"categories":[1],"tags":[],"coauthors":[58],"class_list":["post-5225","post","type-post","status-publish","format-standard","has-post-thumbnail","hentry","category-boletines"],"yoast_head":"<!-- This site is optimized with the Yoast SEO plugin v27.1.1 - https:\/\/yoast.com\/product\/yoast-seo-wordpress\/ -->\n<title>Agua de Hermosillo - Avanza reparaci\u00f3n de fuga en zona del Vado del R\u00edo<\/title>\n<meta name=\"robots\" content=\"index, follow, max-snippet:-1, max-image-preview:large, max-video-preview:-1\" \/>\n<link rel=\"canonical\" href=\"https:\/\/aguadehermosillo.gob.mx\/aguah\/2021\/12\/17\/avanza-reparacion-de-fuga-en-zona-del-vado-del-rio\/\" \/>\n<meta property=\"og:locale\" content=\"es_MX\" \/>\n<meta property=\"og:type\" content=\"article\" \/>\n<meta property=\"og:title\" content=\"Agua de Hermosillo - Avanza reparaci\u00f3n de fuga en zona del Vado del R\u00edo\" \/>\n<meta property=\"og:description\" content=\"Personal operativo de Agua de Hermosillo atiende ruptura en conducci&oacute;n que afecta el servicio de 8 colonias del centro de la ciudad. Hermosillo, Son. 17 de diciembre de 2021.- Los trabajos de reparaci&oacute;n de una fuga de agua potable registrada la ma&ntilde;ana de este viernes en tuber&iacute;a de 14 pulgadas, afectaron el servicio en las colonias Centro, Cerro de la Campana, Malec&oacute;n, Centenario, Las Palmas, Las Granjas, Fuentes del Mezquital y Privada San Antonio, generando adem&aacute;s bajas presiones en sectores aleda&ntilde;os. Jes&uacute;s Carrillo, Coordinador Operativo de Agua de Hermosillo, dio&hellip;\" \/>\n<meta property=\"og:url\" content=\"https:\/\/aguadehermosillo.gob.mx\/aguah\/2021\/12\/17\/avanza-reparacion-de-fuga-en-zona-del-vado-del-rio\/\" \/>\n<meta property=\"og:site_name\" content=\"Agua de Hermosillo\" \/>\n<meta property=\"article:publisher\" content=\"https:\/\/facebook.com\/AguahdeHermosillo\" \/>\n<meta property=\"article:published_time\" content=\"2021-12-17T21:39:43+00:00\" \/>\n<meta property=\"article:modified_time\" content=\"2021-12-17T21:39:45+00:00\" \/>\n<meta property=\"og:image\" content=\"https:\/\/aguadehermosillo.gob.mx\/aguah\/wp-content\/uploads\/2021\/12\/17-12-2021.jpeg\" \/>\n\t<meta property=\"og:image:width\" content=\"1280\" \/>\n\t<meta property=\"og:image:height\" content=\"894\" \/>\n\t<meta property=\"og:image:type\" content=\"image\/jpeg\" \/>\n<meta name=\"author\" content=\"Carolina Palafox\" \/>\n<meta name=\"twitter:card\" content=\"summary_large_image\" \/>\n<meta name=\"twitter:creator\" content=\"@aguahermosillo\" \/>\n<meta name=\"twitter:site\" content=\"@aguahermosillo\" \/>\n<meta name=\"twitter:label1\" content=\"Escrito por\" \/>\n\t<meta name=\"twitter:data1\" content=\"Carolina Palafox\" \/>\n\t<meta name=\"twitter:label2\" content=\"Tiempo de lectura\" \/>\n\t<meta name=\"twitter:data2\" content=\"1 minuto\" \/>\n\t<meta name=\"twitter:label3\" content=\"Written by\" \/>\n\t<meta name=\"twitter:data3\" content=\"Carolina Palafox\" \/>\n<script type=\"application\/ld+json\" class=\"yoast-schema-graph\">{\"@context\":\"https:\/\/schema.org\",\"@graph\":[{\"@type\":\"Article\",\"@id\":\"https:\/\/aguadehermosillo.gob.mx\/aguah\/2021\/12\/17\/avanza-reparacion-de-fuga-en-zona-del-vado-del-rio\/#article\",\"isPartOf\":{\"@id\":\"https:\/\/aguadehermosillo.gob.mx\/aguah\/2021\/12\/17\/avanza-reparacion-de-fuga-en-zona-del-vado-del-rio\/\"},\"author\":{\"name\":\"Carolina Palafox\",\"@id\":\"https:\/\/aguadehermosillo.gob.mx\/aguah\/#\/schema\/person\/dd50e6200134ac624a8d6726c1033845\"},\"headline\":\"Avanza reparaci\u00f3n de fuga en zona del Vado del R\u00edo\",\"datePublished\":\"2021-12-17T21:39:43+00:00\",\"dateModified\":\"2021-12-17T21:39:45+00:00\",\"mainEntityOfPage\":{\"@id\":\"https:\/\/aguadehermosillo.gob.mx\/aguah\/2021\/12\/17\/avanza-reparacion-de-fuga-en-zona-del-vado-del-rio\/\"},\"wordCount\":268,\"publisher\":{\"@id\":\"https:\/\/aguadehermosillo.gob.mx\/aguah\/#organization\"},\"image\":{\"@id\":\"https:\/\/aguadehermosillo.gob.mx\/aguah\/2021\/12\/17\/avanza-reparacion-de-fuga-en-zona-del-vado-del-rio\/#primaryimage\"},\"thumbnailUrl\":\"https:\/\/aguadehermosillo.gob.mx\/aguah\/wp-content\/uploads\/2021\/12\/17-12-2021.jpeg\",\"articleSection\":[\"Boletines\"],\"inLanguage\":\"es\"},{\"@type\":\"WebPage\",\"@id\":\"https:\/\/aguadehermosillo.gob.mx\/aguah\/2021\/12\/17\/avanza-reparacion-de-fuga-en-zona-del-vado-del-rio\/\",\"url\":\"https:\/\/aguadehermosillo.gob.mx\/aguah\/2021\/12\/17\/avanza-reparacion-de-fuga-en-zona-del-vado-del-rio\/\",\"name\":\"Agua de Hermosillo - Avanza reparaci\u00f3n de fuga en zona del Vado del R\u00edo\",\"isPartOf\":{\"@id\":\"https:\/\/aguadehermosillo.gob.mx\/aguah\/#website\"},\"primaryImageOfPage\":{\"@id\":\"https:\/\/aguadehermosillo.gob.mx\/aguah\/2021\/12\/17\/avanza-reparacion-de-fuga-en-zona-del-vado-del-rio\/#primaryimage\"},\"image\":{\"@id\":\"https:\/\/aguadehermosillo.gob.mx\/aguah\/2021\/12\/17\/avanza-reparacion-de-fuga-en-zona-del-vado-del-rio\/#primaryimage\"},\"thumbnailUrl\":\"https:\/\/aguadehermosillo.gob.mx\/aguah\/wp-content\/uploads\/2021\/12\/17-12-2021.jpeg\",\"datePublished\":\"2021-12-17T21:39:43+00:00\",\"dateModified\":\"2021-12-17T21:39:45+00:00\",\"breadcrumb\":{\"@id\":\"https:\/\/aguadehermosillo.gob.mx\/aguah\/2021\/12\/17\/avanza-reparacion-de-fuga-en-zona-del-vado-del-rio\/#breadcrumb\"},\"inLanguage\":\"es\",\"potentialAction\":[{\"@type\":\"ReadAction\",\"target\":[\"https:\/\/aguadehermosillo.gob.mx\/aguah\/2021\/12\/17\/avanza-reparacion-de-fuga-en-zona-del-vado-del-rio\/\"]}]},{\"@type\":\"ImageObject\",\"inLanguage\":\"es\",\"@id\":\"https:\/\/aguadehermosillo.gob.mx\/aguah\/2021\/12\/17\/avanza-reparacion-de-fuga-en-zona-del-vado-del-rio\/#primaryimage\",\"url\":\"https:\/\/aguadehermosillo.gob.mx\/aguah\/wp-content\/uploads\/2021\/12\/17-12-2021.jpeg\",\"contentUrl\":\"https:\/\/aguadehermosillo.gob.mx\/aguah\/wp-content\/uploads\/2021\/12\/17-12-2021.jpeg\",\"width\":1280,\"height\":894},{\"@type\":\"BreadcrumbList\",\"@id\":\"https:\/\/aguadehermosillo.gob.mx\/aguah\/2021\/12\/17\/avanza-reparacion-de-fuga-en-zona-del-vado-del-rio\/#breadcrumb\",\"itemListElement\":[{\"@type\":\"ListItem\",\"position\":1,\"name\":\"Inicio\",\"item\":\"https:\/\/aguadehermosillo.gob.mx\/aguah\/\"},{\"@type\":\"ListItem\",\"position\":2,\"name\":\"Avanza reparaci\u00f3n de fuga en zona del Vado del R\u00edo\"}]},{\"@type\":\"WebSite\",\"@id\":\"https:\/\/aguadehermosillo.gob.mx\/aguah\/#website\",\"url\":\"https:\/\/aguadehermosillo.gob.mx\/aguah\/\",\"name\":\"Agua de Hermosillo\",\"description\":\"Organismo operador de Agua potable, drenaje, alcantarillado, tratamiento y disposici\u00f3n de aguas residuales del municipio Hermosillo y zonas rurales aleda\u00f1as\",\"publisher\":{\"@id\":\"https:\/\/aguadehermosillo.gob.mx\/aguah\/#organization\"},\"potentialAction\":[{\"@type\":\"SearchAction\",\"target\":{\"@type\":\"EntryPoint\",\"urlTemplate\":\"https:\/\/aguadehermosillo.gob.mx\/aguah\/?s={search_term_string}\"},\"query-input\":{\"@type\":\"PropertyValueSpecification\",\"valueRequired\":true,\"valueName\":\"search_term_string\"}}],\"inLanguage\":\"es\"},{\"@type\":\"Organization\",\"@id\":\"https:\/\/aguadehermosillo.gob.mx\/aguah\/#organization\",\"name\":\"Agua de Hermosillo\",\"url\":\"https:\/\/aguadehermosillo.gob.mx\/aguah\/\",\"logo\":{\"@type\":\"ImageObject\",\"inLanguage\":\"es\",\"@id\":\"https:\/\/aguadehermosillo.gob.mx\/aguah\/#\/schema\/logo\/image\/\",\"url\":\"https:\/\/aguadehermosillo.gob.mx\/aguah\/wp-content\/uploads\/2019\/05\/AguaH.png\",\"contentUrl\":\"https:\/\/aguadehermosillo.gob.mx\/aguah\/wp-content\/uploads\/2019\/05\/AguaH.png\",\"width\":1920,\"height\":1080,\"caption\":\"Agua de Hermosillo\"},\"image\":{\"@id\":\"https:\/\/aguadehermosillo.gob.mx\/aguah\/#\/schema\/logo\/image\/\"},\"sameAs\":[\"https:\/\/facebook.com\/AguahdeHermosillo\",\"https:\/\/x.com\/aguahermosillo\"]},{\"@type\":\"Person\",\"@id\":\"https:\/\/aguadehermosillo.gob.mx\/aguah\/#\/schema\/person\/dd50e6200134ac624a8d6726c1033845\",\"name\":\"Carolina Palafox\",\"image\":{\"@type\":\"ImageObject\",\"inLanguage\":\"es\",\"@id\":\"https:\/\/aguadehermosillo.gob.mx\/aguah\/#\/schema\/person\/image\/d4d1b13a87ffff6e66756782e2a09684\",\"url\":\"https:\/\/secure.gravatar.com\/avatar\/351c97b48a4962ac498fa90882ed93a6f5004864e31b449b394a0041445e131e?s=96&d=mm&r=g\",\"contentUrl\":\"https:\/\/secure.gravatar.com\/avatar\/351c97b48a4962ac498fa90882ed93a6f5004864e31b449b394a0041445e131e?s=96&d=mm&r=g\",\"caption\":\"Carolina Palafox\"}}]}<\/script>\n<!-- \/ Yoast SEO plugin. -->","yoast_head_json":{"title":"Agua de Hermosillo - Avanza reparaci\u00f3n de fuga en zona del Vado del R\u00edo","robots":{"index":"index","follow":"follow","max-snippet":"max-snippet:-1","max-image-preview":"max-image-preview:large","max-video-preview":"max-video-preview:-1"},"canonical":"https:\/\/aguadehermosillo.gob.mx\/aguah\/2021\/12\/17\/avanza-reparacion-de-fuga-en-zona-del-vado-del-rio\/","og_locale":"es_MX","og_type":"article","og_title":"Agua de Hermosillo - Avanza reparaci\u00f3n de fuga en zona del Vado del R\u00edo","og_description":"Personal operativo de Agua de Hermosillo atiende ruptura en conducci&oacute;n que afecta el servicio de 8 colonias del centro de la ciudad. Hermosillo, Son. 17 de diciembre de 2021.- Los trabajos de reparaci&oacute;n de una fuga de agua potable registrada la ma&ntilde;ana de este viernes en tuber&iacute;a de 14 pulgadas, afectaron el servicio en las colonias Centro, Cerro de la Campana, Malec&oacute;n, Centenario, Las Palmas, Las Granjas, Fuentes del Mezquital y Privada San Antonio, generando adem&aacute;s bajas presiones en sectores aleda&ntilde;os. Jes&uacute;s Carrillo, Coordinador Operativo de Agua de Hermosillo, dio&hellip;","og_url":"https:\/\/aguadehermosillo.gob.mx\/aguah\/2021\/12\/17\/avanza-reparacion-de-fuga-en-zona-del-vado-del-rio\/","og_site_name":"Agua de Hermosillo","article_publisher":"https:\/\/facebook.com\/AguahdeHermosillo","article_published_time":"2021-12-17T21:39:43+00:00","article_modified_time":"2021-12-17T21:39:45+00:00","og_image":[{"width":1280,"height":894,"url":"https:\/\/aguadehermosillo.gob.mx\/aguah\/wp-content\/uploads\/2021\/12\/17-12-2021.jpeg","type":"image\/jpeg"}],"author":"Carolina Palafox","twitter_card":"summary_large_image","twitter_creator":"@aguahermosillo","twitter_site":"@aguahermosillo","twitter_misc":{"Escrito por":"Carolina Palafox","Tiempo de lectura":"1 minuto","Written by":"Carolina Palafox"},"schema":{"@context":"https:\/\/schema.org","@graph":[{"@type":"Article","@id":"https:\/\/aguadehermosillo.gob.mx\/aguah\/2021\/12\/17\/avanza-reparacion-de-fuga-en-zona-del-vado-del-rio\/#article","isPartOf":{"@id":"https:\/\/aguadehermosillo.gob.mx\/aguah\/2021\/12\/17\/avanza-reparacion-de-fuga-en-zona-del-vado-del-rio\/"},"author":{"name":"Carolina Palafox","@id":"https:\/\/aguadehermosillo.gob.mx\/aguah\/#\/schema\/person\/dd50e6200134ac624a8d6726c1033845"},"headline":"Avanza reparaci\u00f3n de fuga en zona del Vado del R\u00edo","datePublished":"2021-12-17T21:39:43+00:00","dateModified":"2021-12-17T21:39:45+00:00","mainEntityOfPage":{"@id":"https:\/\/aguadehermosillo.gob.mx\/aguah\/2021\/12\/17\/avanza-reparacion-de-fuga-en-zona-del-vado-del-rio\/"},"wordCount":268,"publisher":{"@id":"https:\/\/aguadehermosillo.gob.mx\/aguah\/#organization"},"image":{"@id":"https:\/\/aguadehermosillo.gob.mx\/aguah\/2021\/12\/17\/avanza-reparacion-de-fuga-en-zona-del-vado-del-rio\/#primaryimage"},"thumbnailUrl":"https:\/\/aguadehermosillo.gob.mx\/aguah\/wp-content\/uploads\/2021\/12\/17-12-2021.jpeg","articleSection":["Boletines"],"inLanguage":"es"},{"@type":"WebPage","@id":"https:\/\/aguadehermosillo.gob.mx\/aguah\/2021\/12\/17\/avanza-reparacion-de-fuga-en-zona-del-vado-del-rio\/","url":"https:\/\/aguadehermosillo.gob.mx\/aguah\/2021\/12\/17\/avanza-reparacion-de-fuga-en-zona-del-vado-del-rio\/","name":"Agua de Hermosillo - Avanza reparaci\u00f3n de fuga en zona del Vado del R\u00edo","isPartOf":{"@id":"https:\/\/aguadehermosillo.gob.mx\/aguah\/#website"},"primaryImageOfPage":{"@id":"https:\/\/aguadehermosillo.gob.mx\/aguah\/2021\/12\/17\/avanza-reparacion-de-fuga-en-zona-del-vado-del-rio\/#primaryimage"},"image":{"@id":"https:\/\/aguadehermosillo.gob.mx\/aguah\/2021\/12\/17\/avanza-reparacion-de-fuga-en-zona-del-vado-del-rio\/#primaryimage"},"thumbnailUrl":"https:\/\/aguadehermosillo.gob.mx\/aguah\/wp-content\/uploads\/2021\/12\/17-12-2021.jpeg","datePublished":"2021-12-17T21:39:43+00:00","dateModified":"2021-12-17T21:39:45+00:00","breadcrumb":{"@id":"https:\/\/aguadehermosillo.gob.mx\/aguah\/2021\/12\/17\/avanza-reparacion-de-fuga-en-zona-del-vado-del-rio\/#breadcrumb"},"inLanguage":"es","potentialAction":[{"@type":"ReadAction","target":["https:\/\/aguadehermosillo.gob.mx\/aguah\/2021\/12\/17\/avanza-reparacion-de-fuga-en-zona-del-vado-del-rio\/"]}]},{"@type":"ImageObject","inLanguage":"es","@id":"https:\/\/aguadehermosillo.gob.mx\/aguah\/2021\/12\/17\/avanza-reparacion-de-fuga-en-zona-del-vado-del-rio\/#primaryimage","url":"https:\/\/aguadehermosillo.gob.mx\/aguah\/wp-content\/uploads\/2021\/12\/17-12-2021.jpeg","contentUrl":"https:\/\/aguadehermosillo.gob.mx\/aguah\/wp-content\/uploads\/2021\/12\/17-12-2021.jpeg","width":1280,"height":894},{"@type":"BreadcrumbList","@id":"https:\/\/aguadehermosillo.gob.mx\/aguah\/2021\/12\/17\/avanza-reparacion-de-fuga-en-zona-del-vado-del-rio\/#breadcrumb","itemListElement":[{"@type":"ListItem","position":1,"name":"Inicio","item":"https:\/\/aguadehermosillo.gob.mx\/aguah\/"},{"@type":"ListItem","position":2,"name":"Avanza reparaci\u00f3n de fuga en zona del Vado del R\u00edo"}]},{"@type":"WebSite","@id":"https:\/\/aguadehermosillo.gob.mx\/aguah\/#website","url":"https:\/\/aguadehermosillo.gob.mx\/aguah\/","name":"Agua de Hermosillo","description":"Organismo operador de Agua potable, drenaje, alcantarillado, tratamiento y disposici\u00f3n de aguas residuales del municipio Hermosillo y zonas rurales aleda\u00f1as","publisher":{"@id":"https:\/\/aguadehermosillo.gob.mx\/aguah\/#organization"},"potentialAction":[{"@type":"SearchAction","target":{"@type":"EntryPoint","urlTemplate":"https:\/\/aguadehermosillo.gob.mx\/aguah\/?s={search_term_string}"},"query-input":{"@type":"PropertyValueSpecification","valueRequired":true,"valueName":"search_term_string"}}],"inLanguage":"es"},{"@type":"Organization","@id":"https:\/\/aguadehermosillo.gob.mx\/aguah\/#organization","name":"Agua de Hermosillo","url":"https:\/\/aguadehermosillo.gob.mx\/aguah\/","logo":{"@type":"ImageObject","inLanguage":"es","@id":"https:\/\/aguadehermosillo.gob.mx\/aguah\/#\/schema\/logo\/image\/","url":"https:\/\/aguadehermosillo.gob.mx\/aguah\/wp-content\/uploads\/2019\/05\/AguaH.png","contentUrl":"https:\/\/aguadehermosillo.gob.mx\/aguah\/wp-content\/uploads\/2019\/05\/AguaH.png","width":1920,"height":1080,"caption":"Agua de Hermosillo"},"image":{"@id":"https:\/\/aguadehermosillo.gob.mx\/aguah\/#\/schema\/logo\/image\/"},"sameAs":["https:\/\/facebook.com\/AguahdeHermosillo","https:\/\/x.com\/aguahermosillo"]},{"@type":"Person","@id":"https:\/\/aguadehermosillo.gob.mx\/aguah\/#\/schema\/person\/dd50e6200134ac624a8d6726c1033845","name":"Carolina Palafox","image":{"@type":"ImageObject","inLanguage":"es","@id":"https:\/\/aguadehermosillo.gob.mx\/aguah\/#\/schema\/person\/image\/d4d1b13a87ffff6e66756782e2a09684","url":"https:\/\/secure.gravatar.com\/avatar\/351c97b48a4962ac498fa90882ed93a6f5004864e31b449b394a0041445e131e?s=96&d=mm&r=g","contentUrl":"https:\/\/secure.gravatar.com\/avatar\/351c97b48a4962ac498fa90882ed93a6f5004864e31b449b394a0041445e131e?s=96&d=mm&r=g","caption":"Carolina Palafox"}}]}},"_links":{"self":[{"href":"https:\/\/aguadehermosillo.gob.mx\/aguah\/wp-json\/wp\/v2\/posts\/5225","targetHints":{"allow":["GET"]}}],"collection":[{"href":"https:\/\/aguadehermosillo.gob.mx\/aguah\/wp-json\/wp\/v2\/posts"}],"about":[{"href":"https:\/\/aguadehermosillo.gob.mx\/aguah\/wp-json\/wp\/v2\/types\/post"}],"author":[{"embeddable":true,"href":"https:\/\/aguadehermosillo.gob.mx\/aguah\/wp-json\/wp\/v2\/users\/15"}],"replies":[{"embeddable":true,"href":"https:\/\/aguadehermosillo.gob.mx\/aguah\/wp-json\/wp\/v2\/comments?post=5225"}],"version-history":[{"count":1,"href":"https:\/\/aguadehermosillo.gob.mx\/aguah\/wp-json\/wp\/v2\/posts\/5225\/revisions"}],"predecessor-version":[{"id":5227,"href":"https:\/\/aguadehermosillo.gob.mx\/aguah\/wp-json\/wp\/v2\/posts\/5225\/revisions\/5227"}],"wp:featuredmedia":[{"embeddable":true,"href":"https:\/\/aguadehermosillo.gob.mx\/aguah\/wp-json\/wp\/v2\/media\/5226"}],"wp:attachment":[{"href":"https:\/\/aguadehermosillo.gob.mx\/aguah\/wp-json\/wp\/v2\/media?parent=5225"}],"wp:term":[{"taxonomy":"category","embeddable":true,"href":"https:\/\/aguadehermosillo.gob.mx\/aguah\/wp-json\/wp\/v2\/categories?post=5225"},{"taxonomy":"post_tag","embeddable":true,"href":"https:\/\/aguadehermosillo.gob.mx\/aguah\/wp-json\/wp\/v2\/tags?post=5225"},{"taxonomy":"author","embeddable":true,"href":"https:\/\/aguadehermosillo.gob.mx\/aguah\/wp-json\/wp\/v2\/coauthors?post=5225"}],"curies":[{"name":"wp","href":"https:\/\/api.w.org\/{rel}","templated":true}]}}